{"id":12609,"date":"2025-04-22T15:31:15","date_gmt":"2025-04-22T18:31:15","guid":{"rendered":"https:\/\/cidadebaixaonline.com.br\/?p=12609"},"modified":"2025-04-22T15:31:16","modified_gmt":"2025-04-22T18:31:16","slug":"conheca-espacos-que-oferecem-fisioterapia-gratuita-em-salvador","status":"publish","type":"post","link":"https:\/\/cidadebaixaonline.com.br\/index.php\/2025\/04\/22\/conheca-espacos-que-oferecem-fisioterapia-gratuita-em-salvador\/","title":{"rendered":"Conhe\u00e7a espa\u00e7os que oferecem fisioterapia gratuita em Salvador"},"content":{"rendered":"<p>Seja para auxiliar na recupera\u00e7\u00e3o de acidentes, no al\u00edvio de dores, na preven\u00e7\u00e3o de les\u00f5es ou na melhora da qualidade de vida, a fisioterapia \u00e9 indicada para pessoas de todas as idades. Entre as t\u00e9cnicas empregadas pelos profissionais da \u00e1rea, est\u00e3o massagem, termoterapia e eletroterapia para restaurar, desenvolver e manter a capacidade f\u00edsica e funcional do paciente, geralmente encaminhados pela ortopedia, neurologia, pediatria e geriatria. Para ter acesso a um atendimento, \u00e9 poss\u00edvel recorrer a cl\u00ednicas especializadas ou a profissionais que prestam servi\u00e7os individualizados, mas h\u00e1 tamb\u00e9m a op\u00e7\u00e3o de obter um atendimento gratuito em faculdades e unidades de sa\u00fade p\u00fablicas.<\/p>\n<div class=\"flex flex-col w-full font-normal text-[18px] leading-[30px] text-tw-theme-text-default\">\n<p id=\"paragrafo-frllqm4r6o\"><b>1) Multicentro de Sa\u00fade Carlos Gomes<\/b><\/p>\n<\/div>\n<div class=\"flex flex-col w-full font-normal text-[18px] leading-[30px] text-tw-theme-text-default\">\n<p id=\"paragrafo-mxt263nwf6\">Endere\u00e7o: R. Carlos Gomes, 270 \u2013 Dois de Julho, Salvador &#8211; BA, 40060-330<\/p>\n<\/div>\n<div class=\"flex flex-col w-full font-normal text-[18px] leading-[30px] text-tw-theme-text-default\">\n<p id=\"paragrafo-80yu7fdb3a\">Telefone: (71) 3025-9600<\/p>\n<\/div>\n<div class=\"flex flex-col w-full font-normal text-[18px] leading-[30px] text-tw-theme-text-default\">\n<p id=\"paragrafo-qkn742bzj7\"><b>2) Multicentro de Sa\u00fade Vale das Pedrinhas<\/b><\/p>\n<\/div>\n<div class=\"flex flex-col w-full font-normal text-[18px] leading-[30px] text-tw-theme-text-default\">\n<p id=\"paragrafo-53uk2ezymg\">Endere\u00e7o: Av. Vale das Pedrinhas, 19 &#8211; Chapada do Rio Vermelho, Salvador &#8211; BA, 41905-615<\/p>\n<\/div>\n<div class=\"flex flex-col w-full font-normal text-[18px] leading-[30px] text-tw-theme-text-default\">\n<p id=\"paragrafo-24h3urkb3q\">Telefone: (71) 4101-2106<\/p>\n<div class=\"flex flex-col w-full font-normal text-[18px] leading-[30px] text-tw-theme-text-default\">\n<p id=\"paragrafo-kkrswtthfe\"><b>3) Centro de Sa\u00fade Mental \u00c1lvaro Rubim de Pinho<\/b><\/p>\n<\/div>\n<div class=\"flex flex-col w-full font-normal text-[18px] leading-[30px] text-tw-theme-text-default\">\n<p id=\"paragrafo-1jwh24mnel\">Endere\u00e7o: R. Augusto Mendon\u00e7a S\/N, Bonfim. (Prox. Vila Militar) &#8211; 40415031<\/p>\n<\/div>\n<div class=\"flex flex-col w-full font-normal text-[18px] leading-[30px] text-tw-theme-text-default\">\n<p id=\"paragrafo-rydrw3ywm6\">Telefone: (71) 3611-6558<\/p>\n<\/div>\n<div class=\"flex flex-col w-full font-normal text-[18px] leading-[30px] text-tw-theme-text-default\">\n<p id=\"paragrafo-gwcpws69pp\"><b>4) Cl\u00ednica Escola de Fisioterapia da UFBA<\/b><\/p>\n<\/div>\n<div class=\"flex flex-col w-full font-normal text-[18px] leading-[30px] text-tw-theme-text-default\">\n<p id=\"paragrafo-q0sa6tqmmv\">Endere\u00e7o: Rua Caetano Moura, no 140 &#8211; Federa\u00e7\u00e3o, Salvador \u2013 BA<\/p>\n<\/div>\n<div class=\"flex flex-col w-full font-normal text-[18px] leading-[30px] text-tw-theme-text-default\">\n<p id=\"paragrafo-048wlb1rg6\">Telefone: (71) 3283-5735<\/p>\n<\/div>\n<div class=\"flex flex-col w-full font-normal text-[18px] leading-[30px] text-tw-theme-text-default\">\n<p id=\"paragrafo-7zhrmxn1dw\">Whatsapp: (71) 98785-4297<\/p>\n<div class=\"flex flex-col w-full font-normal text-[18px] leading-[30px] text-tw-theme-text-default\">\n<p id=\"paragrafo-qykm0s0n63\">Requer solicita\u00e7\u00e3o de fisioterapia emitida por um profissional de sa\u00fade devidamente assinada e carimbada<\/p>\n<\/div>\n<div class=\"flex flex-col w-full font-normal text-[18px] leading-[30px] text-tw-theme-text-default\">\n<p id=\"paragrafo-444vttbn0h\"><b>5) Cl\u00ednica Escola de Fisioterapia da UNIFTC<\/b><\/p>\n<\/div>\n<div class=\"flex flex-col w-full font-normal text-[18px] leading-[30px] text-tw-theme-text-default\">\n<p id=\"paragrafo-tycib6nfa3\">Foco: Fibromialgia, pediatria, neurofuncional, ortopedia e traumatologia<\/p>\n<\/div>\n<div class=\"flex flex-col w-full font-normal text-[18px] leading-[30px] text-tw-theme-text-default\">\n<p id=\"paragrafo-3ze4ql8dxz\">Endere\u00e7o: UniFTC Salvador \u2013 Av. Lu\u00eds Viana Filho, 8812 \u2013 Paralela<\/p>\n<\/div>\n<div class=\"flex flex-col w-full font-normal text-[18px] leading-[30px] text-tw-theme-text-default\">\n<p id=\"paragrafo-557ss8xyz3\">Quando: ter\u00e7a \u00e0 tarde, quartas ou sexta pela manh\u00e3<\/p>\n<\/div>\n<div class=\"flex flex-col w-full font-normal text-[18px] leading-[30px] text-tw-theme-text-default\">\n<p id=\"paragrafo-13keqts42n\">Telefone: (71) 3281-8187<\/p>\n<\/div>\n<div class=\"flex flex-col w-full font-normal text-[18px] leading-[30px] text-tw-theme-text-default\">\n<p id=\"paragrafo-7pwsv68lcq\"><b>6) UPA Barris, gerenciada pela Funda\u00e7\u00e3o Jos\u00e9 Silveira \u2013 Atendimento em domic\u00edlio<\/b><\/p>\n<div class=\"flex flex-col w-full font-normal text-[18px] leading-[30px] text-tw-theme-text-default\">\n<p id=\"paragrafo-pyducqfnjp\">Foco: assist\u00eancia voltada para pacientes acamados ou com dificuldade de locomo\u00e7\u00e3o<\/p>\n<\/div>\n<div class=\"flex flex-col w-full font-normal text-[18px] leading-[30px] text-tw-theme-text-default\">\n<p id=\"paragrafo-kstlrlc9az\">\u00c1rea de abrang\u00eancia: distrito Rio Vermelho \u2013 Barra<\/p>\n<\/div>\n<div class=\"flex flex-col w-full font-normal text-[18px] leading-[30px] text-tw-theme-text-default\">\n<p id=\"paragrafo-3dmipjij24\">Endere\u00e7o: Pra\u00e7a Dr. Jo\u00e3o Mangabeira &#8211; Garcia, Salvador &#8211; BA, 40100-025<\/p>\n<\/div>\n<div class=\"flex flex-col w-full font-normal text-[18px] leading-[30px] text-tw-theme-text-default\">\n<p id=\"paragrafo-gs5iny8vau\">Telefone: (71) 3277-5493<\/p>\n<\/div>\n<div class=\"flex flex-col w-full font-normal text-[18px] leading-[30px] text-tw-theme-text-default\">\n<p id=\"paragrafo-cr2815mc09\"><b>7) Centro de Fisioterapia da OSID<\/b><\/p>\n<\/div>\n<div class=\"flex flex-col w-full font-normal text-[18px] leading-[30px] text-tw-theme-text-default\">\n<p id=\"paragrafo-974lm5f8np\">Endere\u00e7o: Avenida Dendezeiros do Bonfim, 161, Bonfim, Port\u00e3o 3, Salvador \u2013 BA<\/p>\n<\/div>\n<div class=\"flex flex-col w-full font-normal text-[18px] leading-[30px] text-tw-theme-text-default\">\n<p id=\"paragrafo-8rccziv0j0\">Telefone: (71) 3310-1146<\/p>\n<\/div>\n<\/div>\n<\/div>\n<\/div>\n","protected":false},"excerpt":{"rendered":"<p>Seja para auxiliar na recupera\u00e7\u00e3o de acidentes, no al\u00edvio de dores, na preven\u00e7\u00e3o de les\u00f5es ou na melhora da qualidade de vida, a fisioterapia \u00e9 indicada para pessoas de todas as idades. Entre as t\u00e9cnicas empregadas pelos profissionais da \u00e1rea, est\u00e3o massagem, termoterapia e eletroterapia para restaurar, desenvolver e manter a capacidade f\u00edsica e funcional [&hellip;]<\/p>\n","protected":false},"author":1,"featured_media":12611,"comment_status":"open","ping_status":"closed","sticky":false,"template":"","format":"standard","meta":{"jnews-multi-image_gallery":[],"jnews_single_post":[],"jnews_primary_category":[],"footnotes":""},"categories":[94],"tags":[],"class_list":["post-12609","post","type-post","status-publish","format-standard","has-post-thumbnail","hentry","category-saude-2"],"_links":{"self":[{"href":"https:\/\/cidadebaixaonline.com.br\/index.php\/wp-json\/wp\/v2\/posts\/12609","targetHints":{"allow":["GET"]}}],"collection":[{"href":"https:\/\/cidadebaixaonline.com.br\/index.php\/wp-json\/wp\/v2\/posts"}],"about":[{"href":"https:\/\/cidadebaixaonline.com.br\/index.php\/wp-json\/wp\/v2\/types\/post"}],"author":[{"embeddable":true,"href":"https:\/\/cidadebaixaonline.com.br\/index.php\/wp-json\/wp\/v2\/users\/1"}],"replies":[{"embeddable":true,"href":"https:\/\/cidadebaixaonline.com.br\/index.php\/wp-json\/wp\/v2\/comments?post=12609"}],"version-history":[{"count":1,"href":"https:\/\/cidadebaixaonline.com.br\/index.php\/wp-json\/wp\/v2\/posts\/12609\/revisions"}],"predecessor-version":[{"id":12610,"href":"https:\/\/cidadebaixaonline.com.br\/index.php\/wp-json\/wp\/v2\/posts\/12609\/revisions\/12610"}],"wp:featuredmedia":[{"embeddable":true,"href":"https:\/\/cidadebaixaonline.com.br\/index.php\/wp-json\/wp\/v2\/media\/12611"}],"wp:attachment":[{"href":"https:\/\/cidadebaixaonline.com.br\/index.php\/wp-json\/wp\/v2\/media?parent=12609"}],"wp:term":[{"taxonomy":"category","embeddable":true,"href":"https:\/\/cidadebaixaonline.com.br\/index.php\/wp-json\/wp\/v2\/categories?post=12609"},{"taxonomy":"post_tag","embeddable":true,"href":"https:\/\/cidadebaixaonline.com.br\/index.php\/wp-json\/wp\/v2\/tags?post=12609"}],"curies":[{"name":"wp","href":"https:\/\/api.w.org\/{rel}","templated":true}]}}