{"id":12580,"date":"2025-04-17T15:33:40","date_gmt":"2025-04-17T18:33:40","guid":{"rendered":"https:\/\/cidadebaixaonline.com.br\/?p=12580"},"modified":"2025-04-17T15:33:40","modified_gmt":"2025-04-17T18:33:40","slug":"previsao-do-tempo-semana-santa-e-tiradentes-sera-de-sol-com-chuvas-isoladas","status":"publish","type":"post","link":"https:\/\/cidadebaixaonline.com.br\/index.php\/2025\/04\/17\/previsao-do-tempo-semana-santa-e-tiradentes-sera-de-sol-com-chuvas-isoladas\/","title":{"rendered":"Previs\u00e3o do tempo: Semana Santa e Tiradentes ser\u00e1 de sol com chuvas isoladas"},"content":{"rendered":"<p class=\"\" data-start=\"277\" data-end=\"621\">O Instituto do Meio Ambiente e Recursos H\u00eddricos (Inema), por meio da Coordena\u00e7\u00e3o de Estudos do Clima e Projetos Especiais (COCEP), divulgou nesta quinta-feira (17) a previs\u00e3o do tempo para a Bahia durante o feriad\u00e3o da Semana Santa e de Tiradentes. A expectativa \u00e9 de sol e calor, intercalados com pancadas de chuva isoladas ao longo dos dias.<\/p>\n<p class=\"\" data-start=\"623\" data-end=\"979\"><strong data-start=\"623\" data-end=\"645\">Quinta-feira (17):<\/strong>\u00a0A previs\u00e3o para hoje \u00e9 de c\u00e9u claro e predom\u00ednio de sol em grande parte do estado. No entanto, h\u00e1 possibilidade de chuvas fracas e isoladas em partes das regi\u00f5es Oeste, S\u00e3o Francisco, Sudoeste e Sul. Em Salvador, o sol deve predominar, apesar da chance de chuvas fracas ao longo do dia, com temperaturas variando entre 25\u202f\u00b0C e 33\u202f\u00b0C.<\/p>\n<p class=\"\" data-start=\"981\" data-end=\"1189\"><strong data-start=\"981\" data-end=\"1002\">Sexta-feira (18):<\/strong>\u00a0Na Sexta-feira Santa, est\u00e1 previsto um aumento de nuvens, com chuvas no litoral, especialmente entre o Sul e o Rec\u00f4ncavo. Nas demais \u00e1reas, haver\u00e1 varia\u00e7\u00e3o de nuvens e predom\u00ednio de sol.<\/p>\n<p class=\"\" data-start=\"1191\" data-end=\"1396\"><strong data-start=\"1191\" data-end=\"1207\">S\u00e1bado (19):<\/strong>\u00a0O S\u00e1bado de Aleluia ter\u00e1 condi\u00e7\u00f5es semelhantes \u00e0 sexta, com chuvas mais concentradas no centro-sul do estado, ainda assim de maneira isolada. No centro-norte, sol e calor devem predominar.<\/p>\n<p class=\"\" data-start=\"1398\" data-end=\"1574\"><strong data-start=\"1398\" data-end=\"1415\">Domingo (20):<\/strong>\u00a0O Domingo de P\u00e1scoa ter\u00e1 predom\u00ednio de sol e poucas nuvens na maior parte do estado. No litoral, h\u00e1 possibilidade de chuvas, especialmente no Sul e Baixo Sul.<\/p>\n<p class=\"\" data-start=\"1576\" data-end=\"1803\"><strong data-start=\"1576\" data-end=\"1599\">Segunda-feira (21):<\/strong>\u00a0Para o feriado de Tiradentes, \u00e9 esperado aumento da nebulosidade e das chuvas, principalmente no Sudoeste, Sul e Rec\u00f4ncavo baiano. No restante do estado, o sol e o calor devem prevalecer ao longo do dia.<\/p>\n<p class=\"\" data-start=\"1805\" data-end=\"1877\">Para mais informa\u00e7\u00f5es sobre a previs\u00e3o do tempo, acesse o site do Inema.<\/p>\n<p class=\"\" data-start=\"1904\" data-end=\"2130\">O Inema tamb\u00e9m divulgou nesta quinta-feira (17) o Boletim de Balneabilidade, que avalia a qualidade das \u00e1guas das praias do estado com base nos crit\u00e9rios da Resolu\u00e7\u00e3o n\u00ba 274\/2000 do Conselho Nacional do Meio Ambiente (CONAMA).<\/p>\n<p class=\"\" data-start=\"2132\" data-end=\"2464\">Os locais s\u00e3o classificados como \u201cpr\u00f3prios\u201d quando apresentam condi\u00e7\u00f5es seguras para banho, e \u201cimpr\u00f3prios\u201d quando h\u00e1 risco de contamina\u00e7\u00e3o. O boletim destaca que chuvas fortes podem arrastar detritos e res\u00edduos pelas redes de drenagem, afetando a qualidade da \u00e1gua \u2014 especialmente em \u00e1reas pr\u00f3ximas a sa\u00eddas de esgoto e foz de rios.<\/p>\n<p class=\"\" data-start=\"2466\" data-end=\"2510\"><strong data-start=\"2466\" data-end=\"2508\">Praias pr\u00f3prias para banho \u2013 Salvador:<\/strong><\/p>\n<ul data-start=\"2511\" data-end=\"2857\">\n<li class=\"\" data-start=\"2511\" data-end=\"2533\">\n<p class=\"\" data-start=\"2513\" data-end=\"2533\">S\u00e3o Tom\u00e9 de Paripe<\/p>\n<\/li>\n<li class=\"\" data-start=\"2534\" data-end=\"2542\">\n<p class=\"\" data-start=\"2536\" data-end=\"2542\">Roma<\/p>\n<\/li>\n<li class=\"\" data-start=\"2543\" data-end=\"2557\">\n<p class=\"\" data-start=\"2545\" data-end=\"2557\">Canta Galo<\/p>\n<\/li>\n<li class=\"\" data-start=\"2558\" data-end=\"2577\">\n<p class=\"\" data-start=\"2560\" data-end=\"2577\">Marina Contorno<\/p>\n<\/li>\n<li class=\"\" data-start=\"2578\" data-end=\"2596\">\n<p class=\"\" data-start=\"2580\" data-end=\"2596\">Porto da Barra<\/p>\n<\/li>\n<li class=\"\" data-start=\"2597\" data-end=\"2612\">\n<p class=\"\" data-start=\"2599\" data-end=\"2612\">Santa Maria<\/p>\n<\/li>\n<li class=\"\" data-start=\"2613\" data-end=\"2656\">\n<p class=\"\" data-start=\"2615\" data-end=\"2656\">Farol da Barra (duas \u00e1reas monitoradas)<\/p>\n<\/li>\n<li class=\"\" data-start=\"2657\" data-end=\"2696\">\n<p class=\"\" data-start=\"2659\" data-end=\"2696\">Ondina (pr\u00f3ximo ao Morro da Sereia)<\/p>\n<\/li>\n<li class=\"\" data-start=\"2697\" data-end=\"2708\">\n<p class=\"\" data-start=\"2699\" data-end=\"2708\">Burac\u00e3o<\/p>\n<\/li>\n<li class=\"\" data-start=\"2709\" data-end=\"2735\">\n<p class=\"\" data-start=\"2711\" data-end=\"2735\">Amaralina (duas \u00e1reas)<\/p>\n<\/li>\n<li class=\"\" data-start=\"2736\" data-end=\"2759\">\n<p class=\"\" data-start=\"2738\" data-end=\"2759\">Pituba (duas \u00e1reas)<\/p>\n<\/li>\n<li class=\"\" data-start=\"2760\" data-end=\"2772\">\n<p class=\"\" data-start=\"2762\" data-end=\"2772\">Placafor<\/p>\n<\/li>\n<li class=\"\" data-start=\"2773\" data-end=\"2796\">\n<p class=\"\" data-start=\"2775\" data-end=\"2796\">Itapu\u00e3 (duas \u00e1reas)<\/p>\n<\/li>\n<li class=\"\" data-start=\"2797\" data-end=\"2816\">\n<p class=\"\" data-start=\"2799\" data-end=\"2816\">Farol de Itapu\u00e3<\/p>\n<\/li>\n<li class=\"\" data-start=\"2817\" data-end=\"2833\">\n<p class=\"\" data-start=\"2819\" data-end=\"2833\">Stella Maris<\/p>\n<\/li>\n<li class=\"\" data-start=\"2834\" data-end=\"2857\">\n<p class=\"\" data-start=\"2836\" data-end=\"2857\">Flamengo (duas \u00e1reas)<\/p>\n<\/li>\n<\/ul>\n<p class=\"\" data-start=\"2859\" data-end=\"2905\"><strong data-start=\"2859\" data-end=\"2903\">Praias impr\u00f3prias para banho \u2013 Salvador:<\/strong><\/p>\n<ul data-start=\"2906\" data-end=\"3131\">\n<li class=\"\" data-start=\"2906\" data-end=\"2917\">\n<p class=\"\" data-start=\"2908\" data-end=\"2917\">Tubar\u00e3o<\/p>\n<\/li>\n<li class=\"\" data-start=\"2918\" data-end=\"2930\">\n<p class=\"\" data-start=\"2920\" data-end=\"2930\">Periperi<\/p>\n<\/li>\n<li class=\"\" data-start=\"2931\" data-end=\"2940\">\n<p class=\"\" data-start=\"2933\" data-end=\"2940\">Penha<\/p>\n<\/li>\n<li class=\"\" data-start=\"2941\" data-end=\"2951\">\n<p class=\"\" data-start=\"2943\" data-end=\"2951\">Bogari<\/p>\n<\/li>\n<li class=\"\" data-start=\"2952\" data-end=\"2962\">\n<p class=\"\" data-start=\"2954\" data-end=\"2962\">Bonfim<\/p>\n<\/li>\n<li class=\"\" data-start=\"2963\" data-end=\"2979\">\n<p class=\"\" data-start=\"2965\" data-end=\"2979\">Pedra Furada<\/p>\n<\/li>\n<li class=\"\" data-start=\"2980\" data-end=\"2994\">\n<p class=\"\" data-start=\"2982\" data-end=\"2994\">Boa Viagem<\/p>\n<\/li>\n<li class=\"\" data-start=\"2995\" data-end=\"3038\">\n<p class=\"\" data-start=\"2997\" data-end=\"3038\">Ondina (pr\u00f3ximo \u00e0 Rua Ademar de Barros)<\/p>\n<\/li>\n<li class=\"\" data-start=\"3039\" data-end=\"3068\">\n<p class=\"\" data-start=\"3041\" data-end=\"3068\">Rio Vermelho (duas \u00e1reas)<\/p>\n<\/li>\n<li class=\"\" data-start=\"3069\" data-end=\"3080\">\n<p class=\"\" data-start=\"3071\" data-end=\"3080\">Arma\u00e7\u00e3o<\/p>\n<\/li>\n<li class=\"\" data-start=\"3081\" data-end=\"3096\">\n<p class=\"\" data-start=\"3083\" data-end=\"3096\">Boca do Rio<\/p>\n<\/li>\n<li class=\"\" data-start=\"3097\" data-end=\"3109\">\n<p class=\"\" data-start=\"3099\" data-end=\"3109\">Cors\u00e1rio<\/p>\n<\/li>\n<li class=\"\" data-start=\"3110\" data-end=\"3123\">\n<p class=\"\" data-start=\"3112\" data-end=\"3123\">Patamares<\/p>\n<\/li>\n<li class=\"\" data-start=\"3124\" data-end=\"3131\">\n<p class=\"\" data-start=\"3126\" data-end=\"3131\">Piat\u00e3<\/p>\n<\/li>\n<\/ul>\n<p class=\"\" data-start=\"3133\" data-end=\"3378\">Para mais informa\u00e7\u00f5es sobre o clima e a qualidade das praias, acesse o site do Inema ou utilize o aplicativo\u00a0<em data-start=\"3242\" data-end=\"3257\">Vai Dar Praia<\/em>, dispon\u00edvel para Android e iOS, que oferece atualiza\u00e7\u00f5es em tempo real para garantir escolhas seguras no litoral baiano.<\/p>\n","protected":false},"excerpt":{"rendered":"<p>O Instituto do Meio Ambiente e Recursos H\u00eddricos (Inema), por meio da Coordena\u00e7\u00e3o de Estudos do Clima e Projetos Especiais (COCEP), divulgou nesta quinta-feira (17) a previs\u00e3o do tempo para a Bahia durante o feriad\u00e3o da Semana Santa e de Tiradentes. A expectativa \u00e9 de sol e calor, intercalados com pancadas de chuva isoladas ao [&hellip;]<\/p>\n","protected":false},"author":1,"featured_media":12582,"comment_status":"open","ping_status":"closed","sticky":false,"template":"","format":"standard","meta":{"jnews-multi-image_gallery":[],"jnews_single_post":[],"jnews_primary_category":[],"footnotes":""},"categories":[129],"tags":[],"class_list":["post-12580","post","type-post","status-publish","format-standard","has-post-thumbnail","hentry","category-praia"],"_links":{"self":[{"href":"https:\/\/cidadebaixaonline.com.br\/index.php\/wp-json\/wp\/v2\/posts\/12580","targetHints":{"allow":["GET"]}}],"collection":[{"href":"https:\/\/cidadebaixaonline.com.br\/index.php\/wp-json\/wp\/v2\/posts"}],"about":[{"href":"https:\/\/cidadebaixaonline.com.br\/index.php\/wp-json\/wp\/v2\/types\/post"}],"author":[{"embeddable":true,"href":"https:\/\/cidadebaixaonline.com.br\/index.php\/wp-json\/wp\/v2\/users\/1"}],"replies":[{"embeddable":true,"href":"https:\/\/cidadebaixaonline.com.br\/index.php\/wp-json\/wp\/v2\/comments?post=12580"}],"version-history":[{"count":1,"href":"https:\/\/cidadebaixaonline.com.br\/index.php\/wp-json\/wp\/v2\/posts\/12580\/revisions"}],"predecessor-version":[{"id":12581,"href":"https:\/\/cidadebaixaonline.com.br\/index.php\/wp-json\/wp\/v2\/posts\/12580\/revisions\/12581"}],"wp:featuredmedia":[{"embeddable":true,"href":"https:\/\/cidadebaixaonline.com.br\/index.php\/wp-json\/wp\/v2\/media\/12582"}],"wp:attachment":[{"href":"https:\/\/cidadebaixaonline.com.br\/index.php\/wp-json\/wp\/v2\/media?parent=12580"}],"wp:term":[{"taxonomy":"category","embeddable":true,"href":"https:\/\/cidadebaixaonline.com.br\/index.php\/wp-json\/wp\/v2\/categories?post=12580"},{"taxonomy":"post_tag","embeddable":true,"href":"https:\/\/cidadebaixaonline.com.br\/index.php\/wp-json\/wp\/v2\/tags?post=12580"}],"curies":[{"name":"wp","href":"https:\/\/api.w.org\/{rel}","templated":true}]}}