{"id":12556,"date":"2025-04-15T14:59:55","date_gmt":"2025-04-15T17:59:55","guid":{"rendered":"https:\/\/cidadebaixaonline.com.br\/?p=12556"},"modified":"2025-04-15T14:59:57","modified_gmt":"2025-04-15T17:59:57","slug":"salvador-registra-ocupacao-hoteleira-de-6838-no-mes-de-marco","status":"publish","type":"post","link":"https:\/\/cidadebaixaonline.com.br\/index.php\/2025\/04\/15\/salvador-registra-ocupacao-hoteleira-de-6838-no-mes-de-marco\/","title":{"rendered":"Salvador registra ocupa\u00e7\u00e3o hoteleira de 68,38% no m\u00eas de mar\u00e7o"},"content":{"rendered":"<p>No m\u00eas de mar\u00e7o, a rede hoteleira de Salvador registrou crescimento dos indicadores em rela\u00e7\u00e3o ao mesmo per\u00edodo do ano anterior. Os resultados foram fortemente impulsionados pelo Carnaval, que este ano foi celebrado entre os dias 27 de fevereiro e 4 de mar\u00e7o, per\u00edodo em que as taxas de ocupa\u00e7\u00e3o e di\u00e1ria m\u00e9dia da rede hoteleira s\u00e3o tradicionalmente muito superiores \u00e0s m\u00e9dias de qualquer outra \u00e9poca do ano.<\/p>\n<p>A taxa de ocupa\u00e7\u00e3o dos hot\u00e9is soteropolitanos em mar\u00e7o foi de 68,38%, o que representa um importante crescimento em rela\u00e7\u00e3o aos 61,27% registrados no mesmo per\u00edodo de 2024. Mesmo desconsiderando os dias em que o Carnaval ocorreu, a ocupa\u00e7\u00e3o m\u00e9dia dos demais dias se manteve acima de 66%, com picos acima de 80% em alguns dias, como o fim de semana de 14 a 16, o que refor\u00e7a um crescimento no fluxo tur\u00edstico durante todo o m\u00eas e n\u00e3o apenas durante o Carnaval.<\/p>\n<p>A di\u00e1ria m\u00e9dia do m\u00eas foi de R$ 850,35, bastante superior ao valor registrado em 2024, o que j\u00e1 era esperado devido ao forte impacto do Carnaval neste indicador. Como resultado do crescimento da ocupa\u00e7\u00e3o e di\u00e1ria m\u00e9dia, o Revpar \u2013 indicador que sinaliza a receita gerada por apartamento dispon\u00edvel \u2013 foi de R$ 581,44, crescimento influenciado principalmente pela valoriza\u00e7\u00e3o da di\u00e1ria m\u00e9dia. Se excluirmos do c\u00e1lculo os hot\u00e9is de luxo, a di\u00e1ria m\u00e9dia registrada em mar\u00e7o seria de R$ 660,45.<\/p>\n<p>Os resultados refor\u00e7am a tend\u00eancia de crescimento nas taxas de ocupa\u00e7\u00e3o e di\u00e1ria m\u00e9dia do setor hoteleiro da cidade, reflexo do aumento da demanda e do fluxo tur\u00edstico que tem ocorrido, de forma gradual, ao longo dos \u00faltimos anos. Ao longo do primeiro trimestre a cidade registrou ocupa\u00e7\u00e3o m\u00e9dia superior a 70%, bastante similar ao mesmo per\u00edodo de 2018 e 2019, e superior aos valores dos \u00faltimos cinco anos.<\/p>\n<p>\u201cCome\u00e7amos agora o trimestre mais desafiador para a hotelaria (abril a junho), atividade muito sazonal. Neste per\u00edodo s\u00e3o particularmente importantes as a\u00e7\u00f5es de promo\u00e7\u00e3o e a realiza\u00e7\u00e3o de eventos e congressos capazes de garantir a ocupa\u00e7\u00e3o e os empregos fixos desta atividade, altamente empregadora\u201d, pontua Wilson Spagnol, presidente da Associa\u00e7\u00e3o Brasileira da Ind\u00fastria de Hot\u00e9is, Se\u00e7\u00e3o Bahia \u2013 ABIH-BA.<\/p>\n<p>Os n\u00fameros do desempenho hoteleiro de Salvador aqui divulgados s\u00e3o frutos da Pesquisa Conjuntural de Desempenho (Taxinfo), realizada pela ABIH Bahia e Brasil. O levantamento \u00e9 digital e os dados s\u00e3o fornecidos diariamente pelos hot\u00e9is ao Portal Cesta Competitiva. A m\u00e9dia resultante constitui o indicador para avaliar a evolu\u00e7\u00e3o da atividade de hospedagem na capital baiana.<\/p>\n","protected":false},"excerpt":{"rendered":"<p>No m\u00eas de mar\u00e7o, a rede hoteleira de Salvador registrou crescimento dos indicadores em rela\u00e7\u00e3o ao mesmo per\u00edodo do ano anterior. Os resultados foram fortemente impulsionados pelo Carnaval, que este ano foi celebrado entre os dias 27 de fevereiro e 4 de mar\u00e7o, per\u00edodo em que as taxas de ocupa\u00e7\u00e3o e di\u00e1ria m\u00e9dia da rede [&hellip;]<\/p>\n","protected":false},"author":1,"featured_media":12558,"comment_status":"open","ping_status":"closed","sticky":false,"template":"","format":"standard","meta":{"jnews-multi-image_gallery":[],"jnews_single_post":[],"jnews_primary_category":[],"footnotes":""},"categories":[86],"tags":[],"class_list":["post-12556","post","type-post","status-publish","format-standard","has-post-thumbnail","hentry","category-salvador"],"_links":{"self":[{"href":"https:\/\/cidadebaixaonline.com.br\/index.php\/wp-json\/wp\/v2\/posts\/12556","targetHints":{"allow":["GET"]}}],"collection":[{"href":"https:\/\/cidadebaixaonline.com.br\/index.php\/wp-json\/wp\/v2\/posts"}],"about":[{"href":"https:\/\/cidadebaixaonline.com.br\/index.php\/wp-json\/wp\/v2\/types\/post"}],"author":[{"embeddable":true,"href":"https:\/\/cidadebaixaonline.com.br\/index.php\/wp-json\/wp\/v2\/users\/1"}],"replies":[{"embeddable":true,"href":"https:\/\/cidadebaixaonline.com.br\/index.php\/wp-json\/wp\/v2\/comments?post=12556"}],"version-history":[{"count":1,"href":"https:\/\/cidadebaixaonline.com.br\/index.php\/wp-json\/wp\/v2\/posts\/12556\/revisions"}],"predecessor-version":[{"id":12557,"href":"https:\/\/cidadebaixaonline.com.br\/index.php\/wp-json\/wp\/v2\/posts\/12556\/revisions\/12557"}],"wp:featuredmedia":[{"embeddable":true,"href":"https:\/\/cidadebaixaonline.com.br\/index.php\/wp-json\/wp\/v2\/media\/12558"}],"wp:attachment":[{"href":"https:\/\/cidadebaixaonline.com.br\/index.php\/wp-json\/wp\/v2\/media?parent=12556"}],"wp:term":[{"taxonomy":"category","embeddable":true,"href":"https:\/\/cidadebaixaonline.com.br\/index.php\/wp-json\/wp\/v2\/categories?post=12556"},{"taxonomy":"post_tag","embeddable":true,"href":"https:\/\/cidadebaixaonline.com.br\/index.php\/wp-json\/wp\/v2\/tags?post=12556"}],"curies":[{"name":"wp","href":"https:\/\/api.w.org\/{rel}","templated":true}]}}