{"id":12499,"date":"2025-04-09T15:43:31","date_gmt":"2025-04-09T18:43:31","guid":{"rendered":"https:\/\/cidadebaixaonline.com.br\/?p=12499"},"modified":"2025-04-09T15:43:32","modified_gmt":"2025-04-09T18:43:32","slug":"grupo-de-trabalho-atuara-em-melhorias-no-transporte-publico-de-salvador","status":"publish","type":"post","link":"https:\/\/cidadebaixaonline.com.br\/index.php\/2025\/04\/09\/grupo-de-trabalho-atuara-em-melhorias-no-transporte-publico-de-salvador\/","title":{"rendered":"Grupo de trabalho atuar\u00e1 em melhorias no transporte p\u00fablico de Salvador"},"content":{"rendered":"<p>Com o objetivo de atuar de forma conjunta para a melhoria do transporte p\u00fablico de Salvador, a Secretaria de Mobilidade (Semob) realizou, na ter\u00e7a-feira (8), a primeira reuni\u00e3o do grupo de trabalho composto por representantes da Integra, das concession\u00e1rias e dos setores da pasta que atuam diretamente na opera\u00e7\u00e3o. Durante o encontro, que acontecer\u00e1 semanalmente, ser\u00e3o levantadas situa\u00e7\u00f5es que necessitam de aten\u00e7\u00e3o especial para garantir que o servi\u00e7o seja realizado de forma adequada para o usu\u00e1rio.<\/p>\n<p>\u201cNosso objetivo \u00e9 que possamos atuar, de forma integrada, em todas as situa\u00e7\u00f5es que envolvem a opera\u00e7\u00e3o de transporte buscando melhorar a qualidade do servi\u00e7o que \u00e9 prestado aos cidad\u00e3os\u201d, destacou o secret\u00e1rio da Semob, Pablo Souza. A iniciativa se assemelha ao que j\u00e1 \u00e9 realizado com a opera\u00e7\u00e3o do BRT, que conta com reuni\u00f5es semanais nas quais s\u00e3o discutidos os pontos que necessitam de aten\u00e7\u00e3o na opera\u00e7\u00e3o do modal.<\/p>\n<p>Reforma, recupera\u00e7\u00e3o e ordenamento de terminais, melhoria do atendimento e renova\u00e7\u00e3o da frota s\u00e3o alguns dos t\u00f3picos que ser\u00e3o levantados durante os encontros. \u201cEsse trabalho conjunto e acompanhamento semanal certamente trar\u00e1 resultados positivos para o servi\u00e7o e, consequentemente, para o usu\u00e1rio do transporte de Salvador\u201d, destacou Souza.<\/p>\n","protected":false},"excerpt":{"rendered":"<p>Com o objetivo de atuar de forma conjunta para a melhoria do transporte p\u00fablico de Salvador, a Secretaria de Mobilidade (Semob) realizou, na ter\u00e7a-feira (8), a primeira reuni\u00e3o do grupo de trabalho composto por representantes da Integra, das concession\u00e1rias e dos setores da pasta que atuam diretamente na opera\u00e7\u00e3o. Durante o encontro, que acontecer\u00e1 semanalmente, [&hellip;]<\/p>\n","protected":false},"author":1,"featured_media":12501,"comment_status":"open","ping_status":"closed","sticky":false,"template":"","format":"standard","meta":{"jnews-multi-image_gallery":[],"jnews_single_post":[],"jnews_primary_category":[],"footnotes":""},"categories":[135],"tags":[],"class_list":["post-12499","post","type-post","status-publish","format-standard","has-post-thumbnail","hentry","category-transporte-publico"],"_links":{"self":[{"href":"https:\/\/cidadebaixaonline.com.br\/index.php\/wp-json\/wp\/v2\/posts\/12499","targetHints":{"allow":["GET"]}}],"collection":[{"href":"https:\/\/cidadebaixaonline.com.br\/index.php\/wp-json\/wp\/v2\/posts"}],"about":[{"href":"https:\/\/cidadebaixaonline.com.br\/index.php\/wp-json\/wp\/v2\/types\/post"}],"author":[{"embeddable":true,"href":"https:\/\/cidadebaixaonline.com.br\/index.php\/wp-json\/wp\/v2\/users\/1"}],"replies":[{"embeddable":true,"href":"https:\/\/cidadebaixaonline.com.br\/index.php\/wp-json\/wp\/v2\/comments?post=12499"}],"version-history":[{"count":1,"href":"https:\/\/cidadebaixaonline.com.br\/index.php\/wp-json\/wp\/v2\/posts\/12499\/revisions"}],"predecessor-version":[{"id":12500,"href":"https:\/\/cidadebaixaonline.com.br\/index.php\/wp-json\/wp\/v2\/posts\/12499\/revisions\/12500"}],"wp:featuredmedia":[{"embeddable":true,"href":"https:\/\/cidadebaixaonline.com.br\/index.php\/wp-json\/wp\/v2\/media\/12501"}],"wp:attachment":[{"href":"https:\/\/cidadebaixaonline.com.br\/index.php\/wp-json\/wp\/v2\/media?parent=12499"}],"wp:term":[{"taxonomy":"category","embeddable":true,"href":"https:\/\/cidadebaixaonline.com.br\/index.php\/wp-json\/wp\/v2\/categories?post=12499"},{"taxonomy":"post_tag","embeddable":true,"href":"https:\/\/cidadebaixaonline.com.br\/index.php\/wp-json\/wp\/v2\/tags?post=12499"}],"curies":[{"name":"wp","href":"https:\/\/api.w.org\/{rel}","templated":true}]}}