{"id":12392,"date":"2025-04-02T15:56:28","date_gmt":"2025-04-02T18:56:28","guid":{"rendered":"https:\/\/cidadebaixaonline.com.br\/?p=12392"},"modified":"2025-04-02T15:56:28","modified_gmt":"2025-04-02T18:56:28","slug":"prefeitura-de-salvador-preve-reforma-de-25-casaroes-para-moradia-de-servidores-no-bairro-do-comercio","status":"publish","type":"post","link":"https:\/\/cidadebaixaonline.com.br\/index.php\/2025\/04\/02\/prefeitura-de-salvador-preve-reforma-de-25-casaroes-para-moradia-de-servidores-no-bairro-do-comercio\/","title":{"rendered":"Prefeitura de Salvador prev\u00ea reforma de 25 casar\u00f5es para moradia de servidores no bairro do Com\u00e9rcio"},"content":{"rendered":"<p>A Prefeitura de Salvador tem o projeto de revitalizar o bairro do Com\u00e9rcio, que inclui a reforma de 25 casar\u00f5es hist\u00f3ricos que se tornar\u00e3o moradia para servidores municipais. Em entrevista ao BN Im\u00f3veis nesta segunda-feira (31), a vice-prefeita de Salvador e secret\u00e1ria municipal de Cultura e Turismo, Ana Paula Matos, destacou a import\u00e2ncia de transformar a \u00e1rea em um polo vibrante, com vida 24 horas.<\/p>\n<p>&#8220;Trouxemos muitas das nossas secretarias para c\u00e1 e, no passado, algumas faculdades funcionavam \u00e0 noite. Com a populariza\u00e7\u00e3o da educa\u00e7\u00e3o a dist\u00e2ncia, vimos uma redu\u00e7\u00e3o no movimento noturno. O com\u00e9rcio no bairro do Com\u00e9rcio tem ficado mais vazio, e, para manter esses espa\u00e7os funcionando e atrativos, \u00e9 preciso vida. A moradia \u00e9 um conceito internacional que promove isso, pois, ao atrair moradores, voc\u00ea tamb\u00e9m atrai servi\u00e7os como mercados, padarias, restaurantes e lojas&#8221;, pontuou a vice-prefeita.<\/p>\n<p>A revitaliza\u00e7\u00e3o do bairro do Com\u00e9rcio est\u00e1 sendo impulsionada por um projeto em parceria com o Banco Interamericano de Desenvolvimento (BID). A iniciativa prev\u00ea a reforma de 25 casar\u00f5es, com um investimento de US$ 38 milh\u00f5es. De acordo com Ana Paula, a ideia \u00e9 ocupar os casar\u00f5es com servidores da prefeitura, al\u00e9m de incentivar investimentos de empreendedores privados em outros im\u00f3veis da \u00e1rea.<\/p>\n<p>&#8220;Com esse projeto, pretendemos que, no futuro, o bairro do Com\u00e9rcio tenha um com\u00e9rcio din\u00e2mico, com equipamentos culturais e um retorno significativo da \u00e1rea empresarial, fortalecendo a vida no com\u00e9rcio, inclusive nos finais de semana e \u00e0 noite&#8221;, explicou.<\/p>\n<p>A vice-prefeita ressaltou a import\u00e2ncia de revitalizar o com\u00e9rcio local para estimular a economia e o turismo. Ela acredita que, com a transforma\u00e7\u00e3o do bairro do Com\u00e9rcio em um ponto de interesse cont\u00ednuo, Salvador poder\u00e1 atrair mais turistas e, consequentemente, gerar mais empregos e movimentar a economia da cidade.<\/p>\n<p>&#8220;Quando um navio chega e pernoita, ele traz mais turistas e mais dinheiro circulando. Se as pessoas perceberem que o bairro do Com\u00e9rcio tem atividades e com\u00e9rcio funcionando \u00e0 noite, teremos mais navios pernoitando e mais empregos gerados&#8221;, destacou.<\/p>\n<p>Matos tamb\u00e9m explicou que a prefeitura est\u00e1 em fase de estudos com o BID para definir os detalhes do modelo de financiamento da revitaliza\u00e7\u00e3o. Entre as op\u00e7\u00f5es, h\u00e1 a possibilidade de utilizar um percentual de financiamento para a venda e outro para o aluguel dos im\u00f3veis reformados.<\/p>\n<p>&#8220;J\u00e1 fomos a Portugal e S\u00e3o Lu\u00eds, no Maranh\u00e3o, para conhecer modelos semelhantes, e a pr\u00f3xima miss\u00e3o do BID em Salvador, de 7 a 10 de abril, vai ajudar a definir como ser\u00e1 o financiamento e a gest\u00e3o desse processo&#8221;, concluiu.<\/p>\n","protected":false},"excerpt":{"rendered":"<p>A Prefeitura de Salvador tem o projeto de revitalizar o bairro do Com\u00e9rcio, que inclui a reforma de 25 casar\u00f5es hist\u00f3ricos que se tornar\u00e3o moradia para servidores municipais. Em entrevista ao BN Im\u00f3veis nesta segunda-feira (31), a vice-prefeita de Salvador e secret\u00e1ria municipal de Cultura e Turismo, Ana Paula Matos, destacou a import\u00e2ncia de transformar [&hellip;]<\/p>\n","protected":false},"author":1,"featured_media":12394,"comment_status":"open","ping_status":"closed","sticky":false,"template":"","format":"standard","meta":{"jnews-multi-image_gallery":[],"jnews_single_post":[],"jnews_primary_category":[],"footnotes":""},"categories":[125],"tags":[],"class_list":["post-12392","post","type-post","status-publish","format-standard","has-post-thumbnail","hentry","category-comercio"],"_links":{"self":[{"href":"https:\/\/cidadebaixaonline.com.br\/index.php\/wp-json\/wp\/v2\/posts\/12392","targetHints":{"allow":["GET"]}}],"collection":[{"href":"https:\/\/cidadebaixaonline.com.br\/index.php\/wp-json\/wp\/v2\/posts"}],"about":[{"href":"https:\/\/cidadebaixaonline.com.br\/index.php\/wp-json\/wp\/v2\/types\/post"}],"author":[{"embeddable":true,"href":"https:\/\/cidadebaixaonline.com.br\/index.php\/wp-json\/wp\/v2\/users\/1"}],"replies":[{"embeddable":true,"href":"https:\/\/cidadebaixaonline.com.br\/index.php\/wp-json\/wp\/v2\/comments?post=12392"}],"version-history":[{"count":1,"href":"https:\/\/cidadebaixaonline.com.br\/index.php\/wp-json\/wp\/v2\/posts\/12392\/revisions"}],"predecessor-version":[{"id":12393,"href":"https:\/\/cidadebaixaonline.com.br\/index.php\/wp-json\/wp\/v2\/posts\/12392\/revisions\/12393"}],"wp:featuredmedia":[{"embeddable":true,"href":"https:\/\/cidadebaixaonline.com.br\/index.php\/wp-json\/wp\/v2\/media\/12394"}],"wp:attachment":[{"href":"https:\/\/cidadebaixaonline.com.br\/index.php\/wp-json\/wp\/v2\/media?parent=12392"}],"wp:term":[{"taxonomy":"category","embeddable":true,"href":"https:\/\/cidadebaixaonline.com.br\/index.php\/wp-json\/wp\/v2\/categories?post=12392"},{"taxonomy":"post_tag","embeddable":true,"href":"https:\/\/cidadebaixaonline.com.br\/index.php\/wp-json\/wp\/v2\/tags?post=12392"}],"curies":[{"name":"wp","href":"https:\/\/api.w.org\/{rel}","templated":true}]}}