{"id":12371,"date":"2025-03-31T19:42:28","date_gmt":"2025-03-31T22:42:28","guid":{"rendered":"https:\/\/cidadebaixaonline.com.br\/?p=12371"},"modified":"2025-03-31T19:42:28","modified_gmt":"2025-03-31T22:42:28","slug":"prefeitura-entrega-novo-porto-da-lenha-com-15-quiosques-para-comerciantes-e-areas-de-lazer-para-a-populacao","status":"publish","type":"post","link":"https:\/\/cidadebaixaonline.com.br\/index.php\/2025\/03\/31\/prefeitura-entrega-novo-porto-da-lenha-com-15-quiosques-para-comerciantes-e-areas-de-lazer-para-a-populacao\/","title":{"rendered":"Prefeitura entrega novo Porto da Lenha com 15 quiosques para comerciantes e \u00e1reas de lazer para a popula\u00e7\u00e3o"},"content":{"rendered":"<p>Com investimento de quase R$10 milh\u00f5es, a Prefeitura de Salvador entregou nesta segunda-feira (31) a requalifica\u00e7\u00e3o do Porto da Lenha, na Cidade Baixa, em uma das mais belas regi\u00f5es da capital baiana. A obra integra o conjunto de a\u00e7\u00f5es de recupera\u00e7\u00e3o da orla da capital baiana e foi conduzida pela Secretaria Municipal de Infraestrutura e Obras P\u00fablicas (Seinfra), com projeto elaborado pela Funda\u00e7\u00e3o M\u00e1rio Leal Ferreira (FMLF).<\/p>\n<p>A \u00e1rea de interven\u00e7\u00e3o contempla 13.047 metros quadrados totalmente requalificados, com foco em acessibilidade, lazer, mobilidade urbana e apoio \u00e0s atividades tradicionais da regi\u00e3o. A obra contou com novas faixas elevadas para pedestres, requalifica\u00e7\u00e3o dos passeios e implanta\u00e7\u00e3o de ciclovia, al\u00e9m da constru\u00e7\u00e3o de um anfiteatro e de 15 novos quiosques que ser\u00e3o entregues para que os permission\u00e1rios locais continuem realizando as suas atividades comerciais.<\/p>\n<p>O prefeito Bruno Reis salientou que a obra vai proporcionar ainda mais qualidade de vida para as pessoas. \u201cAntes, os permission\u00e1rios trabalhavam aqui sem qualquer infraestrutura. Hoje, n\u00f3s fizemos 15 novos quiosques, praticamente bares e restaurantes, que v\u00e3o atender n\u00e3o s\u00f3 os moradores aqui desta regi\u00e3o, mas tamb\u00e9m milhares de visitantes que v\u00eam para um dos locais mais bonitos da nossa cidade. Afinal de contas, um dos principais cart\u00f5es postais nossos est\u00e1 aqui ao lado, que \u00e9 a Igreja do Bonfim\u201d, disse.<\/p>\n<p>\u201cAgora, a Cidade Baixa passa a oferecer mais um local para todos que querem vir aqui, conhecer as maravilhas que a nossa cidade tem. Aqui, todos ser\u00e3o recebidos com uma infraestrutura de primeira. Os comerciantes ir\u00e3o trabalhar de forma digna e, com isso, v\u00e3o incrementar a sua renda, v\u00e3o poder ganhar mais dinheiro e, consequentemente, v\u00e3o poder realizar os seus sonhos\u201d, completou o prefeito.<\/p>\n<p>Esse \u00e9 o 32\u00ba trecho de orla requalificado pela Prefeitura de Salvador, que est\u00e1 pr\u00f3ximo de completar 100% do litoral soteropolitano totalmente modernizado. \u201cEsse \u00e9 um padr\u00e3o que a gente vem levando para os quatro cantos da cidade. J\u00e1 temos praticamente toda a nossa orla requalificada, e olha que \u00e9 a orla mais extensa do Brasil, 64 quil\u00f4metros de orla. J\u00e1 foram ao todo quase R$600 milh\u00f5es de investimentos nesses trechos para a gente ter a orla mais bonita do Brasil\u201d, afirmou.<\/p>\n<p>Aprovada \u2013 S\u00f4nia Regina Santos \u00e9 moradora da regi\u00e3o h\u00e1 mais de 50 anos, e afirmou que agora a vista da praia melhorou. \u201cA obra beneficiou muito n\u00f3s, moradores, porque o visual antes n\u00e3o era esse, era bem pior. Os quiosques antigos tomavam toda a vis\u00e3o. Ent\u00e3o, acho que melhorou, porque mostrou a qualidade do nosso bairro e ficou bem aconchegante\u201d, afirmou.<\/p>\n<p>Nara Santos tem 32 anos e mora na \u00e1rea do Porto da Lenha h\u00e1 quatro anos. Ela tamb\u00e9m aprovou o projeto: \u201cAntes eram muitas barracas e muitas cadeiras. A gente que era morador n\u00e3o tinha acesso direto \u00e0 praia e n\u00e3o tinha essa vis\u00e3o aqui. Ent\u00e3o, com a reforma ficou muito melhor. Agora tem um parquinho, tamb\u00e9m, e para a gente que tem filhos \u00e9 muito bom e \u00e9 bem perto de casa\u201d, comentou.<\/p>\n<p>L\u00facia Maria de Souza tem 61 anos e \u00e9 permission\u00e1ria da regi\u00e3o h\u00e1 mais de 20 anos atuando com lanches. Ela disse que a obra veio em boa hora. \u201cO que a Prefeitura fez por n\u00f3s aqui eu s\u00f3 tenho mesmo a parabenizar, porque foi um trabalho realmente de excel\u00eancia. Tudo ficou bonito. Com isso, a gente vai poder divulgar melhor o local e isso vai ajudar a gente financeiramente porque com certeza vai chegar mais clientes para c\u00e1, sobretudo vindo de outros lugares da cidade\u201d, disse a comerciantes.<\/p>\n<p>Benef\u00edcios \u2013 Titular da Seinfra, Luiz Carlos de Souza afirmou que a obra vai trazer benef\u00edcios para o dia a dia da popula\u00e7\u00e3o. \u201cUm projeto que ficou bel\u00edssimo e que vai mudar toda a rotina que aqui existia. Tanto de quem trabalha aqui no Porto da Lenha como tamb\u00e9m de quem vem para c\u00e1 passear. Foram quase R$10 milh\u00f5es investidos para termos um anfiteatro, espa\u00e7o para capoeira, parque infantil, academia de gin\u00e1stica\u201d, afirmou.<\/p>\n<p>A presidente da FMLF, T\u00e2nia Scofield, explicou a ideia do projeto. \u201cAqui tinha 21 permission\u00e1rios que trabalham com pir\u00e3o e estavam em condi\u00e7\u00f5es prec\u00e1rias por conta do tempo que existiam os quiosques e da falta de manuten\u00e7\u00e3o. Ent\u00e3o, primeiro, a gente tinha que garantir a continuidade da atividade deles aqui e garantir boas condi\u00e7\u00f5es. Mas, tamb\u00e9m, quisemos trazer outros elementos, como um espa\u00e7o para crian\u00e7as, trazer mais idosos e um local para eventos. E acho que a gente conseguiu alcan\u00e7ar tudo isso\u201d, analisou.<\/p>\n<p>O secret\u00e1rio de Ordem P\u00fablica (Semop), D\u00e9cio Martins, destacou que os permission\u00e1rios que j\u00e1 atuavam no local ser\u00e3o mantidos. \u201cAqui pode ser, e isso depende de todos n\u00f3s, mais um local tur\u00edstico da nossa cidade. Pessoas que venham \u00e0 Igreja do Bonfim podem vir aqui, depois, para almo\u00e7ar com as suas fam\u00edlias. Uma obra dessa magnitude traz dignidade a esses comerciantes que tiram o seu sustento desse trabalho\u201d, afirmou.<\/p>\n","protected":false},"excerpt":{"rendered":"<p>Com investimento de quase R$10 milh\u00f5es, a Prefeitura de Salvador entregou nesta segunda-feira (31) a requalifica\u00e7\u00e3o do Porto da Lenha, na Cidade Baixa, em uma das mais belas regi\u00f5es da capital baiana. A obra integra o conjunto de a\u00e7\u00f5es de recupera\u00e7\u00e3o da orla da capital baiana e foi conduzida pela Secretaria Municipal de Infraestrutura e [&hellip;]<\/p>\n","protected":false},"author":1,"featured_media":12373,"comment_status":"open","ping_status":"closed","sticky":false,"template":"","format":"standard","meta":{"jnews-multi-image_gallery":[],"jnews_single_post":[],"jnews_primary_category":[],"footnotes":""},"categories":[86],"tags":[],"class_list":["post-12371","post","type-post","status-publish","format-standard","has-post-thumbnail","hentry","category-salvador"],"_links":{"self":[{"href":"https:\/\/cidadebaixaonline.com.br\/index.php\/wp-json\/wp\/v2\/posts\/12371","targetHints":{"allow":["GET"]}}],"collection":[{"href":"https:\/\/cidadebaixaonline.com.br\/index.php\/wp-json\/wp\/v2\/posts"}],"about":[{"href":"https:\/\/cidadebaixaonline.com.br\/index.php\/wp-json\/wp\/v2\/types\/post"}],"author":[{"embeddable":true,"href":"https:\/\/cidadebaixaonline.com.br\/index.php\/wp-json\/wp\/v2\/users\/1"}],"replies":[{"embeddable":true,"href":"https:\/\/cidadebaixaonline.com.br\/index.php\/wp-json\/wp\/v2\/comments?post=12371"}],"version-history":[{"count":1,"href":"https:\/\/cidadebaixaonline.com.br\/index.php\/wp-json\/wp\/v2\/posts\/12371\/revisions"}],"predecessor-version":[{"id":12372,"href":"https:\/\/cidadebaixaonline.com.br\/index.php\/wp-json\/wp\/v2\/posts\/12371\/revisions\/12372"}],"wp:featuredmedia":[{"embeddable":true,"href":"https:\/\/cidadebaixaonline.com.br\/index.php\/wp-json\/wp\/v2\/media\/12373"}],"wp:attachment":[{"href":"https:\/\/cidadebaixaonline.com.br\/index.php\/wp-json\/wp\/v2\/media?parent=12371"}],"wp:term":[{"taxonomy":"category","embeddable":true,"href":"https:\/\/cidadebaixaonline.com.br\/index.php\/wp-json\/wp\/v2\/categories?post=12371"},{"taxonomy":"post_tag","embeddable":true,"href":"https:\/\/cidadebaixaonline.com.br\/index.php\/wp-json\/wp\/v2\/tags?post=12371"}],"curies":[{"name":"wp","href":"https:\/\/api.w.org\/{rel}","templated":true}]}}