{"id":12304,"date":"2025-03-26T09:56:12","date_gmt":"2025-03-26T12:56:12","guid":{"rendered":"https:\/\/cidadebaixaonline.com.br\/?p=12304"},"modified":"2025-03-26T09:56:12","modified_gmt":"2025-03-26T12:56:12","slug":"embasa-promove-atendimento-itinerante-no-bairro-da-liberdade-em-salvador","status":"publish","type":"post","link":"https:\/\/cidadebaixaonline.com.br\/index.php\/2025\/03\/26\/embasa-promove-atendimento-itinerante-no-bairro-da-liberdade-em-salvador\/","title":{"rendered":"Embasa promove atendimento itinerante no bairro da Liberdade, em Salvador"},"content":{"rendered":"<p>Na semana de anivers\u00e1rio de 476 anos da capital baiana, a Embasa promove atendimento itinerante no bairro da Liberdade. As equipes da empresa estar\u00e3o at\u00e9 sexta-feira (26), das 9h \u00e0s 16h, no Centro Social Urbano, localizado na Estrada da Liberdade, N\u00ba 100. Quem for ao local, poder\u00e1 ter acesso mais f\u00e1cil aos servi\u00e7os da \u00e1rea comercial como segunda via da conta, mudan\u00e7a de titularidade, renegocia\u00e7\u00e3o do d\u00e9bito, cadastro na tarifa social, dentre outros. Para o atendimento, o titular da conta deve levar documento oficial com foto e comprovante de liga\u00e7\u00e3o com o im\u00f3vel, como conta de \u00e1gua ou luz.<\/p>\n<p>Al\u00e9m do atendimento presencial nos SACs da capital, a Embasa tem se aproximado cada vez mais da popula\u00e7\u00e3o com o atendimento nos bairros de Salvador. A \u00e1rea social est\u00e1 presente junto \u00e0 comunidade levando orienta\u00e7\u00f5es e dicas de uso racional, identifica\u00e7\u00e3o de vazamentos internos e import\u00e2ncia da instala\u00e7\u00e3o da caixa d\u00b4\u00e1gua. Neste ano, as equipes da Embasa j\u00e1 passaram pelo Alto de Ondina, Boca do Rio, Largo da Barroquinha, Jardim Esperan\u00e7a e Uruguai. Em 2024, mais de 3,7 mil pessoas foram atendidas pela a\u00e7\u00e3o que passou por mais de 159 bairros de Salvador e regi\u00e3o metropolitana.<\/p>\n","protected":false},"excerpt":{"rendered":"<p>Na semana de anivers\u00e1rio de 476 anos da capital baiana, a Embasa promove atendimento itinerante no bairro da Liberdade. As equipes da empresa estar\u00e3o at\u00e9 sexta-feira (26), das 9h \u00e0s 16h, no Centro Social Urbano, localizado na Estrada da Liberdade, N\u00ba 100. Quem for ao local, poder\u00e1 ter acesso mais f\u00e1cil aos servi\u00e7os da \u00e1rea [&hellip;]<\/p>\n","protected":false},"author":1,"featured_media":12306,"comment_status":"open","ping_status":"closed","sticky":false,"template":"","format":"standard","meta":{"jnews-multi-image_gallery":[],"jnews_single_post":[],"jnews_primary_category":[],"footnotes":""},"categories":[116],"tags":[],"class_list":["post-12304","post","type-post","status-publish","format-standard","has-post-thumbnail","hentry","category-atendimento"],"_links":{"self":[{"href":"https:\/\/cidadebaixaonline.com.br\/index.php\/wp-json\/wp\/v2\/posts\/12304","targetHints":{"allow":["GET"]}}],"collection":[{"href":"https:\/\/cidadebaixaonline.com.br\/index.php\/wp-json\/wp\/v2\/posts"}],"about":[{"href":"https:\/\/cidadebaixaonline.com.br\/index.php\/wp-json\/wp\/v2\/types\/post"}],"author":[{"embeddable":true,"href":"https:\/\/cidadebaixaonline.com.br\/index.php\/wp-json\/wp\/v2\/users\/1"}],"replies":[{"embeddable":true,"href":"https:\/\/cidadebaixaonline.com.br\/index.php\/wp-json\/wp\/v2\/comments?post=12304"}],"version-history":[{"count":1,"href":"https:\/\/cidadebaixaonline.com.br\/index.php\/wp-json\/wp\/v2\/posts\/12304\/revisions"}],"predecessor-version":[{"id":12305,"href":"https:\/\/cidadebaixaonline.com.br\/index.php\/wp-json\/wp\/v2\/posts\/12304\/revisions\/12305"}],"wp:featuredmedia":[{"embeddable":true,"href":"https:\/\/cidadebaixaonline.com.br\/index.php\/wp-json\/wp\/v2\/media\/12306"}],"wp:attachment":[{"href":"https:\/\/cidadebaixaonline.com.br\/index.php\/wp-json\/wp\/v2\/media?parent=12304"}],"wp:term":[{"taxonomy":"category","embeddable":true,"href":"https:\/\/cidadebaixaonline.com.br\/index.php\/wp-json\/wp\/v2\/categories?post=12304"},{"taxonomy":"post_tag","embeddable":true,"href":"https:\/\/cidadebaixaonline.com.br\/index.php\/wp-json\/wp\/v2\/tags?post=12304"}],"curies":[{"name":"wp","href":"https:\/\/api.w.org\/{rel}","templated":true}]}}