{"id":11966,"date":"2025-02-20T10:50:41","date_gmt":"2025-02-20T13:50:41","guid":{"rendered":"https:\/\/cidadebaixaonline.com.br\/?p=11966"},"modified":"2025-02-20T10:50:42","modified_gmt":"2025-02-20T13:50:42","slug":"acampamento-carnavalesco-ambulantes-acampam-para-garantir-espaco-no-carnaval","status":"publish","type":"post","link":"https:\/\/cidadebaixaonline.com.br\/index.php\/2025\/02\/20\/acampamento-carnavalesco-ambulantes-acampam-para-garantir-espaco-no-carnaval\/","title":{"rendered":"Acampamento Carnavalesco: Ambulantes acampam para garantir espa\u00e7o no Carnaval"},"content":{"rendered":"\n<p>Para os ambulantes, o Carnaval come\u00e7ou h\u00e1 10\/15 dias, j\u00e1 que desde esse per\u00edodo os trabalhadores est\u00e3o acampados no Circuito Dod\u00f4 (Barra-Ondina) em prol de garantir um dos pontos mais disputados da festa.&nbsp;Antes de acamparem, alguns at\u00e9 mesmo demarcaram seu local no ch\u00e3o, com seus nomes, delimitando os espa\u00e7os onde pretendem montar seus neg\u00f3cios durante a folia.&nbsp;<\/p>\n\n\n\n<p>Diversos comerciantes se submetem \u00e0 situa\u00e7\u00e3o de vulnerabilidade por conta da garantia do local. Enquanto alguns utilizam barracas de acampamento, lonas e peda\u00e7os de papel\u00e3o como abrigo tempor\u00e1rio, outros dormem diretamente na rua, em cima da capa do seu isopor ou at\u00e9 mesmo dentro dos pontos onde a pol\u00edcia militar ficar\u00e1.&nbsp;<\/p>\n\n\n\n<p>Segundo a Secretaria Municipal de Ordem P\u00fablica (Semop), neste ano, 2,5 mil ambulantes foram credenciados para atuar no circuito, sendo distribu\u00eddos da seguinte forma: 400 na plataforma dos ambulantes, 900 no trecho entre o Farol da Barra e o Morro do Cristo, e 1.200 entre o Morro do Ipiranga e o Monumento Meninas do Brasil.<\/p>\n\n\n\n<p>Como no ano passado, a amplia\u00e7\u00e3o da plataforma dos ambulantes no Circuito Barra-Ondina, implantada pela Prefeitura, volta a ser aposta neste ano como aposta para organizar os trabalhadores. Segundo a Semop, o objetivo do espa\u00e7o \u00e9 oferecer melhores condi\u00e7\u00f5es de trabalho para os ambulantes e reduzir a disputa por espa\u00e7o ao longo do percurso.<\/p>\n\n\n\n<p>Fonte: Varela Net <\/p>\n","protected":false},"excerpt":{"rendered":"<p>Para os ambulantes, o Carnaval come\u00e7ou h\u00e1 10\/15 dias, j\u00e1 que desde esse per\u00edodo os trabalhadores est\u00e3o acampados no Circuito Dod\u00f4 (Barra-Ondina) em prol de garantir um dos pontos mais disputados da festa.&nbsp;Antes de acamparem, alguns at\u00e9 mesmo demarcaram seu local no ch\u00e3o, com seus nomes, delimitando os espa\u00e7os onde pretendem montar seus neg\u00f3cios durante [&hellip;]<\/p>\n","protected":false},"author":2,"featured_media":11967,"comment_status":"open","ping_status":"open","sticky":false,"template":"","format":"standard","meta":{"jnews-multi-image_gallery":[],"jnews_single_post":{"subtitle":"","format":"standard","video":"","gallery":"","source_name":"","source_url":"","via_name":"","via_url":"","override_template":"0","override":[{"template":"1","single_blog_custom":"","parallax":"1","fullscreen":"1","layout":"right-sidebar","sidebar":"default-sidebar","second_sidebar":"default-sidebar","sticky_sidebar":"1","share_position":"top","share_float_style":"share-monocrhome","show_share_counter":"0","show_view_counter":"0","show_featured":"1","show_post_meta":"1","show_post_author":"0","show_post_author_image":"1","show_post_date":"1","post_date_format":"default","post_date_format_custom":"Y\/m\/d","show_post_category":"1","show_post_reading_time":"0","post_reading_time_wpm":"300","show_zoom_button":"0","zoom_button_out_step":"2","zoom_button_in_step":"3","show_post_tag":"1","show_prev_next_post":"1","show_popup_post":"1","number_popup_post":"1","show_author_box":"0","show_post_related":"0","show_inline_post_related":"0"}],"override_image_size":"0","image_override":[{"single_post_thumbnail_size":"no-crop","single_post_gallery_size":"crop-715"}],"trending_post":"0","trending_post_position":"meta","trending_post_label":"Trending","sponsored_post":"0","sponsored_post_label":"Sponsored by","sponsored_post_name":"","sponsored_post_url":"","sponsored_post_logo_enable":"0","sponsored_post_logo":"","sponsored_post_desc":"","disable_ad":"0"},"jnews_primary_category":{"id":"","hide":""},"footnotes":""},"categories":[85],"tags":[],"class_list":["post-11966","post","type-post","status-publish","format-standard","has-post-thumbnail","hentry","category-noticias"],"_links":{"self":[{"href":"https:\/\/cidadebaixaonline.com.br\/index.php\/wp-json\/wp\/v2\/posts\/11966","targetHints":{"allow":["GET"]}}],"collection":[{"href":"https:\/\/cidadebaixaonline.com.br\/index.php\/wp-json\/wp\/v2\/posts"}],"about":[{"href":"https:\/\/cidadebaixaonline.com.br\/index.php\/wp-json\/wp\/v2\/types\/post"}],"author":[{"embeddable":true,"href":"https:\/\/cidadebaixaonline.com.br\/index.php\/wp-json\/wp\/v2\/users\/2"}],"replies":[{"embeddable":true,"href":"https:\/\/cidadebaixaonline.com.br\/index.php\/wp-json\/wp\/v2\/comments?post=11966"}],"version-history":[{"count":1,"href":"https:\/\/cidadebaixaonline.com.br\/index.php\/wp-json\/wp\/v2\/posts\/11966\/revisions"}],"predecessor-version":[{"id":11968,"href":"https:\/\/cidadebaixaonline.com.br\/index.php\/wp-json\/wp\/v2\/posts\/11966\/revisions\/11968"}],"wp:featuredmedia":[{"embeddable":true,"href":"https:\/\/cidadebaixaonline.com.br\/index.php\/wp-json\/wp\/v2\/media\/11967"}],"wp:attachment":[{"href":"https:\/\/cidadebaixaonline.com.br\/index.php\/wp-json\/wp\/v2\/media?parent=11966"}],"wp:term":[{"taxonomy":"category","embeddable":true,"href":"https:\/\/cidadebaixaonline.com.br\/index.php\/wp-json\/wp\/v2\/categories?post=11966"},{"taxonomy":"post_tag","embeddable":true,"href":"https:\/\/cidadebaixaonline.com.br\/index.php\/wp-json\/wp\/v2\/tags?post=11966"}],"curies":[{"name":"wp","href":"https:\/\/api.w.org\/{rel}","templated":true}]}}