{"id":11959,"date":"2025-02-17T10:50:40","date_gmt":"2025-02-17T13:50:40","guid":{"rendered":"https:\/\/cidadebaixaonline.com.br\/?p=11959"},"modified":"2025-02-17T10:50:41","modified_gmt":"2025-02-17T13:50:41","slug":"um-ano-de-vacinacao-contra-a-dengue-em-salvador-adesao-ainda-e-baixa","status":"publish","type":"post","link":"https:\/\/cidadebaixaonline.com.br\/index.php\/2025\/02\/17\/um-ano-de-vacinacao-contra-a-dengue-em-salvador-adesao-ainda-e-baixa\/","title":{"rendered":"Um ano de vacina\u00e7\u00e3o contra a dengue em Salvador; ades\u00e3o ainda \u00e9 baixa"},"content":{"rendered":"\n<p>H\u00e1 um ano, Salvador deu um passo importante no combate&nbsp;<a href=\"https:\/\/www.varelanet.com.br\/tudo-sobre\/Dengue\">\u00e0 dengue<\/a>. Em&nbsp;<a href=\"https:\/\/www.varelanet.com.br\/noticias\/saude\/comeca-nesta-quinta-feira-15-a-vacinacao-contra-a-dengue-confira-detalhes\">15 de fevereiro de 2024, teve in\u00edcio a vacina\u00e7\u00e3o gratuita contra a doen\u00e7a nos postos de sa\u00fade da cidade.<\/a>&nbsp;O p\u00fablico-alvo da campanha s\u00e3o crian\u00e7as e adolescentes de 10 a 14 anos, faixa et\u00e1ria com maior \u00edndice de hospitaliza\u00e7\u00f5es por dengue.<\/p>\n\n\n\n<p>Desde ent\u00e3o, mais de 95 mil doses foram aplicadas, mas apenas 26.868 pessoas completaram o esquema vacinal, o que representa uma cobertura de apenas 11,84% do p\u00fablico estimado de 226.831 indiv\u00edduos.<\/p>\n\n\n\n<p>A coordenadora de imuniza\u00e7\u00e3o de Salvador, Doiane Lemos, refor\u00e7a a import\u00e2ncia da vacina\u00e7\u00e3o e faz um apelo aos respons\u00e1veis.<\/p>\n\n\n\n<p><em>\u201cO Brasil se tornou o primeiro pa\u00eds do mundo a disponibilizar essa vacina no sistema p\u00fablico de sa\u00fade. No entanto, a procura est\u00e1 abaixo do esperado. A vacina foi cuidadosamente desenvolvida e \u00e9 segura, sendo uma das formas mais eficazes de prevenir a dengue. Por isso, pedimos que os pais levem seus filhos aos postos para garantir essa prote\u00e7\u00e3o\u201d,<\/em>&nbsp;destacou.<\/p>\n\n\n\n<p>A transmiss\u00e3o da dengue \u00e9 mais intensa durante os meses chuvosos, geralmente de novembro a maio. O ac\u00famulo de \u00e1gua parada favorece a prolifera\u00e7\u00e3o do mosquito Aedes aegypti. Portanto, al\u00e9m da vacina\u00e7\u00e3o, \u00e9 fundamental adotar medidas de preven\u00e7\u00e3o, como: eliminar recipientes com \u00e1gua parada, caixas d\u2019\u00e1gua e ton\u00e9is bem vedados, limpar ralos e calhas com frequ\u00eancia.<\/p>\n\n\n\n<p>Voc\u00ea encontra a vacina em todos os postos de sa\u00fade de Salvador de segunda a sexta-feira, das 8h \u00e0s 16h. A vacina contra a dengue \u00e9 segura e eficaz, ajudando a evitar complica\u00e7\u00f5es da doen\u00e7a.<\/p>\n\n\n\n<p>Fonte: Varela Net <\/p>\n","protected":false},"excerpt":{"rendered":"<p>H\u00e1 um ano, Salvador deu um passo importante no combate&nbsp;\u00e0 dengue. Em&nbsp;15 de fevereiro de 2024, teve in\u00edcio a vacina\u00e7\u00e3o gratuita contra a doen\u00e7a nos postos de sa\u00fade da cidade.&nbsp;O p\u00fablico-alvo da campanha s\u00e3o crian\u00e7as e adolescentes de 10 a 14 anos, faixa et\u00e1ria com maior \u00edndice de hospitaliza\u00e7\u00f5es por dengue. Desde ent\u00e3o, mais de [&hellip;]<\/p>\n","protected":false},"author":2,"featured_media":11960,"comment_status":"open","ping_status":"open","sticky":false,"template":"","format":"standard","meta":{"jnews-multi-image_gallery":[],"jnews_single_post":{"subtitle":"","format":"standard","video":"","gallery":"","source_name":"","source_url":"","via_name":"","via_url":"","override_template":"0","override":[{"template":"1","single_blog_custom":"","parallax":"1","fullscreen":"1","layout":"right-sidebar","sidebar":"default-sidebar","second_sidebar":"default-sidebar","sticky_sidebar":"1","share_position":"top","share_float_style":"share-monocrhome","show_share_counter":"0","show_view_counter":"0","show_featured":"1","show_post_meta":"1","show_post_author":"0","show_post_author_image":"1","show_post_date":"1","post_date_format":"default","post_date_format_custom":"Y\/m\/d","show_post_category":"1","show_post_reading_time":"0","post_reading_time_wpm":"300","show_zoom_button":"0","zoom_button_out_step":"2","zoom_button_in_step":"3","show_post_tag":"1","show_prev_next_post":"1","show_popup_post":"1","number_popup_post":"1","show_author_box":"0","show_post_related":"0","show_inline_post_related":"0"}],"override_image_size":"0","image_override":[{"single_post_thumbnail_size":"no-crop","single_post_gallery_size":"crop-715"}],"trending_post":"0","trending_post_position":"meta","trending_post_label":"Trending","sponsored_post":"0","sponsored_post_label":"Sponsored by","sponsored_post_name":"","sponsored_post_url":"","sponsored_post_logo_enable":"0","sponsored_post_logo":"","sponsored_post_desc":"","disable_ad":"0"},"jnews_primary_category":{"id":"","hide":""},"footnotes":""},"categories":[94],"tags":[],"class_list":["post-11959","post","type-post","status-publish","format-standard","has-post-thumbnail","hentry","category-saude-2"],"_links":{"self":[{"href":"https:\/\/cidadebaixaonline.com.br\/index.php\/wp-json\/wp\/v2\/posts\/11959","targetHints":{"allow":["GET"]}}],"collection":[{"href":"https:\/\/cidadebaixaonline.com.br\/index.php\/wp-json\/wp\/v2\/posts"}],"about":[{"href":"https:\/\/cidadebaixaonline.com.br\/index.php\/wp-json\/wp\/v2\/types\/post"}],"author":[{"embeddable":true,"href":"https:\/\/cidadebaixaonline.com.br\/index.php\/wp-json\/wp\/v2\/users\/2"}],"replies":[{"embeddable":true,"href":"https:\/\/cidadebaixaonline.com.br\/index.php\/wp-json\/wp\/v2\/comments?post=11959"}],"version-history":[{"count":1,"href":"https:\/\/cidadebaixaonline.com.br\/index.php\/wp-json\/wp\/v2\/posts\/11959\/revisions"}],"predecessor-version":[{"id":11961,"href":"https:\/\/cidadebaixaonline.com.br\/index.php\/wp-json\/wp\/v2\/posts\/11959\/revisions\/11961"}],"wp:featuredmedia":[{"embeddable":true,"href":"https:\/\/cidadebaixaonline.com.br\/index.php\/wp-json\/wp\/v2\/media\/11960"}],"wp:attachment":[{"href":"https:\/\/cidadebaixaonline.com.br\/index.php\/wp-json\/wp\/v2\/media?parent=11959"}],"wp:term":[{"taxonomy":"category","embeddable":true,"href":"https:\/\/cidadebaixaonline.com.br\/index.php\/wp-json\/wp\/v2\/categories?post=11959"},{"taxonomy":"post_tag","embeddable":true,"href":"https:\/\/cidadebaixaonline.com.br\/index.php\/wp-json\/wp\/v2\/tags?post=11959"}],"curies":[{"name":"wp","href":"https:\/\/api.w.org\/{rel}","templated":true}]}}