{"id":11927,"date":"2025-02-12T12:04:28","date_gmt":"2025-02-12T15:04:28","guid":{"rendered":"https:\/\/cidadebaixaonline.com.br\/?p=11927"},"modified":"2025-02-12T12:04:30","modified_gmt":"2025-02-12T15:04:30","slug":"aviao-e-carro-colidem-durante-decolagem-no-aeroporto-do-galeao","status":"publish","type":"post","link":"https:\/\/cidadebaixaonline.com.br\/index.php\/2025\/02\/12\/aviao-e-carro-colidem-durante-decolagem-no-aeroporto-do-galeao\/","title":{"rendered":"Avi\u00e3o e carro colidem durante decolagem no Aeroporto do Gale\u00e3o"},"content":{"rendered":"\n<p>Na noite da \u00faltima ter\u00e7a-feira (11), um avi\u00e3o da Gol sofreu uma colis\u00e3o com um ve\u00edculo de manuten\u00e7\u00e3o durante a decolagem na pista do Aeroporto Internacional do Gale\u00e3o, no Rio de Janeiro.<\/p>\n\n\n\n<p>A aeronave, que seguia para Fortaleza, estava prestes a decolar do Gale\u00e3o quando o incidente ocorreu. De acordo com um comunicado do RIOgale\u00e3o, a empresa respons\u00e1vel pela administra\u00e7\u00e3o do aeroporto, n\u00e3o houve v\u00edtimas e, imediatamente ap\u00f3s a colis\u00e3o, a decolagem foi suspensa e os passageiros desembarcaram.<\/p>\n\n\n\n<p>A Gol tamb\u00e9m emitiu uma nota, esclarecendo que o avi\u00e3o colidiu com uma &#8220;viatura da administradora do Aeroporto RIOgale\u00e3o, que se encontrava na pista durante o procedimento de decolagem&#8221;.<\/p>\n\n\n\n<p>Para os passageiros que preferiram continuar sua jornada para Fortaleza, a companhia a\u00e9rea disponibilizou outro voo. Aqueles que optaram por ficar no Rio de Janeiro receberam total assist\u00eancia em rela\u00e7\u00e3o \u00e0 acomoda\u00e7\u00e3o, transporte e alimenta\u00e7\u00e3o, conforme informado pela Gol em sua nota.<\/p>\n\n\n\n<p>Fonte: Varela Net <\/p>\n","protected":false},"excerpt":{"rendered":"<p>Na noite da \u00faltima ter\u00e7a-feira (11), um avi\u00e3o da Gol sofreu uma colis\u00e3o com um ve\u00edculo de manuten\u00e7\u00e3o durante a decolagem na pista do Aeroporto Internacional do Gale\u00e3o, no Rio de Janeiro. A aeronave, que seguia para Fortaleza, estava prestes a decolar do Gale\u00e3o quando o incidente ocorreu. De acordo com um comunicado do RIOgale\u00e3o, [&hellip;]<\/p>\n","protected":false},"author":2,"featured_media":11928,"comment_status":"open","ping_status":"open","sticky":false,"template":"","format":"standard","meta":{"jnews-multi-image_gallery":[],"jnews_single_post":{"subtitle":"","format":"standard","video":"","gallery":"","source_name":"","source_url":"","via_name":"","via_url":"","override_template":"0","override":[{"template":"1","single_blog_custom":"","parallax":"1","fullscreen":"1","layout":"right-sidebar","sidebar":"default-sidebar","second_sidebar":"default-sidebar","sticky_sidebar":"1","share_position":"top","share_float_style":"share-monocrhome","show_share_counter":"0","show_view_counter":"0","show_featured":"1","show_post_meta":"1","show_post_author":"0","show_post_author_image":"1","show_post_date":"1","post_date_format":"default","post_date_format_custom":"Y\/m\/d","show_post_category":"1","show_post_reading_time":"0","post_reading_time_wpm":"300","show_zoom_button":"0","zoom_button_out_step":"2","zoom_button_in_step":"3","show_post_tag":"1","show_prev_next_post":"1","show_popup_post":"1","number_popup_post":"1","show_author_box":"0","show_post_related":"0","show_inline_post_related":"0"}],"override_image_size":"0","image_override":[{"single_post_thumbnail_size":"no-crop","single_post_gallery_size":"crop-715"}],"trending_post":"0","trending_post_position":"meta","trending_post_label":"Trending","sponsored_post":"0","sponsored_post_label":"Sponsored by","sponsored_post_name":"","sponsored_post_url":"","sponsored_post_logo_enable":"0","sponsored_post_logo":"","sponsored_post_desc":"","disable_ad":"0"},"jnews_primary_category":{"id":"","hide":""},"footnotes":""},"categories":[85],"tags":[],"class_list":["post-11927","post","type-post","status-publish","format-standard","has-post-thumbnail","hentry","category-noticias"],"_links":{"self":[{"href":"https:\/\/cidadebaixaonline.com.br\/index.php\/wp-json\/wp\/v2\/posts\/11927","targetHints":{"allow":["GET"]}}],"collection":[{"href":"https:\/\/cidadebaixaonline.com.br\/index.php\/wp-json\/wp\/v2\/posts"}],"about":[{"href":"https:\/\/cidadebaixaonline.com.br\/index.php\/wp-json\/wp\/v2\/types\/post"}],"author":[{"embeddable":true,"href":"https:\/\/cidadebaixaonline.com.br\/index.php\/wp-json\/wp\/v2\/users\/2"}],"replies":[{"embeddable":true,"href":"https:\/\/cidadebaixaonline.com.br\/index.php\/wp-json\/wp\/v2\/comments?post=11927"}],"version-history":[{"count":1,"href":"https:\/\/cidadebaixaonline.com.br\/index.php\/wp-json\/wp\/v2\/posts\/11927\/revisions"}],"predecessor-version":[{"id":11929,"href":"https:\/\/cidadebaixaonline.com.br\/index.php\/wp-json\/wp\/v2\/posts\/11927\/revisions\/11929"}],"wp:featuredmedia":[{"embeddable":true,"href":"https:\/\/cidadebaixaonline.com.br\/index.php\/wp-json\/wp\/v2\/media\/11928"}],"wp:attachment":[{"href":"https:\/\/cidadebaixaonline.com.br\/index.php\/wp-json\/wp\/v2\/media?parent=11927"}],"wp:term":[{"taxonomy":"category","embeddable":true,"href":"https:\/\/cidadebaixaonline.com.br\/index.php\/wp-json\/wp\/v2\/categories?post=11927"},{"taxonomy":"post_tag","embeddable":true,"href":"https:\/\/cidadebaixaonline.com.br\/index.php\/wp-json\/wp\/v2\/tags?post=11927"}],"curies":[{"name":"wp","href":"https:\/\/api.w.org\/{rel}","templated":true}]}}