{"id":11910,"date":"2025-02-11T11:15:20","date_gmt":"2025-02-11T14:15:20","guid":{"rendered":"https:\/\/cidadebaixaonline.com.br\/?p=11910"},"modified":"2025-02-11T11:15:21","modified_gmt":"2025-02-11T14:15:21","slug":"jeronimo-sinaliza-intencao-de-privatizar-estadio-de-pituacu","status":"publish","type":"post","link":"https:\/\/cidadebaixaonline.com.br\/index.php\/2025\/02\/11\/jeronimo-sinaliza-intencao-de-privatizar-estadio-de-pituacu\/","title":{"rendered":"Jer\u00f4nimo sinaliza inten\u00e7\u00e3o de privatizar Est\u00e1dio de Pitua\u00e7u"},"content":{"rendered":"\n<p>Em coletiva de imprensa realizada nesta segunda-feira (10), o Governador da Bahia Jer\u00f4nimo Rodrigues (PT) retomou a ideia de conceder o Est\u00e1dio de Pitua\u00e7u para a iniciativa privada. O parlamentar indicou duas possibilidades: realizar uma Parceria P\u00fablico-Privada (PPP) ou abrir um processo de concess\u00e3o de Pitua\u00e7u.<\/p>\n\n\n\n<p>&#8220;N\u00f3s temos um projeto para ver se viabiliza. Quem sabe tivesse vendido uma pacote para fazer uma PPP com o est\u00e1dio. O setor privado tem mais criatividade&#8230; Se esse est\u00e1dio estivesse com a gente, do Governo da Bahia, n\u00f3s encontrar\u00edamos dificuldade em fomentar eventos&#8221;, disse, citando os shows dos irm\u00e3os Caetano Veloso e Maria Beth\u00e2nia, que aconteceram na Arena em Fonte Nova por realiza\u00e7\u00e3o do setor privado. &#8220;Se a gente tem direito a umas cotas de jogos, umas cotas de bilheteria, quem ganha com isso \u00e9 o futebol baiano&#8221;, acrescentou. &#8220;N\u00f3s temos que ver o que \u00e9 melhor para o estado&#8221;, completou.<\/p>\n\n\n\n<p>O Minist\u00e9rio P\u00fablico da Bahia (MP-BA) apontou irregularidades na estrutura de Pitua\u00e7u e recomendou ajustes na infraestrutura e nos equipamentos de seguran\u00e7a. Desde 2023, por problemas de documenta\u00e7\u00e3o, Pitua\u00e7u n\u00e3o recebe jogos com torcida. Segundo o secret\u00e1rio estadual do Trabalho, Emprego, Renda e Esportes (Setre), Augusto Vasconcelos, o governo enviou \u00e0 prefeitura de Salvador as documenta\u00e7\u00f5es para que os alvar\u00e1s sejam emitidos, a fim de resolver o problema.<\/p>\n\n\n\n<p>Fonte: Varela Net <\/p>\n","protected":false},"excerpt":{"rendered":"<p>Em coletiva de imprensa realizada nesta segunda-feira (10), o Governador da Bahia Jer\u00f4nimo Rodrigues (PT) retomou a ideia de conceder o Est\u00e1dio de Pitua\u00e7u para a iniciativa privada. O parlamentar indicou duas possibilidades: realizar uma Parceria P\u00fablico-Privada (PPP) ou abrir um processo de concess\u00e3o de Pitua\u00e7u. &#8220;N\u00f3s temos um projeto para ver se viabiliza. Quem [&hellip;]<\/p>\n","protected":false},"author":2,"featured_media":11911,"comment_status":"open","ping_status":"open","sticky":false,"template":"","format":"standard","meta":{"jnews-multi-image_gallery":[],"jnews_single_post":{"subtitle":"","format":"standard","video":"","gallery":"","source_name":"","source_url":"","via_name":"","via_url":"","override_template":"0","override":[{"template":"1","single_blog_custom":"","parallax":"1","fullscreen":"1","layout":"right-sidebar","sidebar":"default-sidebar","second_sidebar":"default-sidebar","sticky_sidebar":"1","share_position":"top","share_float_style":"share-monocrhome","show_share_counter":"0","show_view_counter":"0","show_featured":"1","show_post_meta":"1","show_post_author":"0","show_post_author_image":"1","show_post_date":"1","post_date_format":"default","post_date_format_custom":"Y\/m\/d","show_post_category":"1","show_post_reading_time":"0","post_reading_time_wpm":"300","show_zoom_button":"0","zoom_button_out_step":"2","zoom_button_in_step":"3","show_post_tag":"1","show_prev_next_post":"1","show_popup_post":"1","number_popup_post":"1","show_author_box":"0","show_post_related":"0","show_inline_post_related":"0"}],"override_image_size":"0","image_override":[{"single_post_thumbnail_size":"no-crop","single_post_gallery_size":"crop-715"}],"trending_post":"0","trending_post_position":"meta","trending_post_label":"Trending","sponsored_post":"0","sponsored_post_label":"Sponsored by","sponsored_post_name":"","sponsored_post_url":"","sponsored_post_logo_enable":"0","sponsored_post_logo":"","sponsored_post_desc":"","disable_ad":"0"},"jnews_primary_category":{"id":"","hide":""},"footnotes":""},"categories":[91],"tags":[],"class_list":["post-11910","post","type-post","status-publish","format-standard","has-post-thumbnail","hentry","category-politica"],"_links":{"self":[{"href":"https:\/\/cidadebaixaonline.com.br\/index.php\/wp-json\/wp\/v2\/posts\/11910","targetHints":{"allow":["GET"]}}],"collection":[{"href":"https:\/\/cidadebaixaonline.com.br\/index.php\/wp-json\/wp\/v2\/posts"}],"about":[{"href":"https:\/\/cidadebaixaonline.com.br\/index.php\/wp-json\/wp\/v2\/types\/post"}],"author":[{"embeddable":true,"href":"https:\/\/cidadebaixaonline.com.br\/index.php\/wp-json\/wp\/v2\/users\/2"}],"replies":[{"embeddable":true,"href":"https:\/\/cidadebaixaonline.com.br\/index.php\/wp-json\/wp\/v2\/comments?post=11910"}],"version-history":[{"count":1,"href":"https:\/\/cidadebaixaonline.com.br\/index.php\/wp-json\/wp\/v2\/posts\/11910\/revisions"}],"predecessor-version":[{"id":11912,"href":"https:\/\/cidadebaixaonline.com.br\/index.php\/wp-json\/wp\/v2\/posts\/11910\/revisions\/11912"}],"wp:featuredmedia":[{"embeddable":true,"href":"https:\/\/cidadebaixaonline.com.br\/index.php\/wp-json\/wp\/v2\/media\/11911"}],"wp:attachment":[{"href":"https:\/\/cidadebaixaonline.com.br\/index.php\/wp-json\/wp\/v2\/media?parent=11910"}],"wp:term":[{"taxonomy":"category","embeddable":true,"href":"https:\/\/cidadebaixaonline.com.br\/index.php\/wp-json\/wp\/v2\/categories?post=11910"},{"taxonomy":"post_tag","embeddable":true,"href":"https:\/\/cidadebaixaonline.com.br\/index.php\/wp-json\/wp\/v2\/tags?post=11910"}],"curies":[{"name":"wp","href":"https:\/\/api.w.org\/{rel}","templated":true}]}}