{"id":11907,"date":"2025-02-11T11:12:59","date_gmt":"2025-02-11T14:12:59","guid":{"rendered":"https:\/\/cidadebaixaonline.com.br\/?p=11907"},"modified":"2025-02-11T11:13:00","modified_gmt":"2025-02-11T14:13:00","slug":"mudanca-no-secretariado-veja-quem-ocupara-o-lugar-de-rodrigo-alves-como-secretario-de-gestao-de-salvador","status":"publish","type":"post","link":"https:\/\/cidadebaixaonline.com.br\/index.php\/2025\/02\/11\/mudanca-no-secretariado-veja-quem-ocupara-o-lugar-de-rodrigo-alves-como-secretario-de-gestao-de-salvador\/","title":{"rendered":"Mudan\u00e7a no Secretariado: veja quem ocupar\u00e1 o lugar de Rodrigo Alves como Secret\u00e1rio de Gest\u00e3o de Salvador"},"content":{"rendered":"\n<p>Nesta segunda-feira (10), o prefeito Bruno Reis comunicou altera\u00e7\u00f5es no secretariado de Salvador. Ele informou que o atual Secret\u00e1rio de Gest\u00e3o, Rodrigo Alves, ser\u00e1 o novo Secret\u00e1rio de Sa\u00fade. Aproveitando a oportunidade, Bruno anunciou tamb\u00e9m que o atual subsecret\u00e1rio da Fazenda, Daniel Ribeiro, assumir\u00e1 a gest\u00e3o da Secretaria de Gest\u00e3o Municipal.<\/p>\n\n\n\n<p>O prefeito explicou as mudan\u00e7as e buscou tranquilizar a popula\u00e7\u00e3o sobre as pr\u00f3ximas a\u00e7\u00f5es da administra\u00e7\u00e3o:<\/p>\n\n\n\n<p><em>&#8220;Interinamente, assume Daniel Ribeiro. Ele est\u00e1 aqui, \u00e9 o nosso Diretor da Previd\u00eancia. Vamos realizar algumas mudan\u00e7as na gest\u00e3o. Sei que essa ser\u00e1 uma das perguntas de voc\u00eas: \u2018Prefeito, por que n\u00e3o est\u00e1 fazendo tudo de uma vez?\u2019 S\u00e3o dois motivos: primeiro, estamos definindo os nomes, e segundo, temos o Carnaval, que \u00e9 uma opera\u00e7\u00e3o j\u00e1 montada, com gestores experientes que atuam nessas \u00e1reas e j\u00e1 realizaram a gest\u00e3o desse evento, um per\u00edodo complexo para a cidade. Algumas mudan\u00e7as ocorrer\u00e3o antes do Carnaval e outras, ap\u00f3s o evento, sem datas definidas e sem a necessidade de estabelecer prazos&#8221;<\/em>, explicou.<\/p>\n\n\n\n<p>O prefeito tamb\u00e9m defendeu sua atual equipe, mas reafirmou a necessidade de realizar ajustes:<\/p>\n\n\n\n<p><em>&#8220;Eu sempre disse que tenho uma equipe que est\u00e1 muito bem em suas posi\u00e7\u00f5es e que estamos entregando resultados. A elei\u00e7\u00e3o passou e a prefeitura continuou a todo vapor, lan\u00e7ando novos projetos e programas. Isso continuar\u00e1. No entanto, \u00e9 natural que, ap\u00f3s dois anos, possamos fazer alguns ajustes, trazer novas pessoas para contribuir com a gest\u00e3o e remanejar quadros que podem agregar em outras \u00e1reas. Isso \u00e9 o que estamos fazendo. Portanto, Daniel assumir\u00e1 a Secretaria de Gest\u00e3o at\u00e9 que tomemos as decis\u00f5es finais e, ap\u00f3s o Carnaval, definiremos quem atuar\u00e1 de forma definitiva&#8221;<\/em>, afirmou.<\/p>\n\n\n\n<p>Fonte: Varela Net <\/p>\n","protected":false},"excerpt":{"rendered":"<p>Nesta segunda-feira (10), o prefeito Bruno Reis comunicou altera\u00e7\u00f5es no secretariado de Salvador. Ele informou que o atual Secret\u00e1rio de Gest\u00e3o, Rodrigo Alves, ser\u00e1 o novo Secret\u00e1rio de Sa\u00fade. Aproveitando a oportunidade, Bruno anunciou tamb\u00e9m que o atual subsecret\u00e1rio da Fazenda, Daniel Ribeiro, assumir\u00e1 a gest\u00e3o da Secretaria de Gest\u00e3o Municipal. O prefeito explicou as [&hellip;]<\/p>\n","protected":false},"author":2,"featured_media":11908,"comment_status":"open","ping_status":"open","sticky":false,"template":"","format":"standard","meta":{"jnews-multi-image_gallery":[],"jnews_single_post":{"subtitle":"","format":"standard","video":"","gallery":"","source_name":"","source_url":"","via_name":"","via_url":"","override_template":"0","override":[{"template":"1","single_blog_custom":"","parallax":"1","fullscreen":"1","layout":"right-sidebar","sidebar":"default-sidebar","second_sidebar":"default-sidebar","sticky_sidebar":"1","share_position":"top","share_float_style":"share-monocrhome","show_share_counter":"0","show_view_counter":"0","show_featured":"1","show_post_meta":"1","show_post_author":"0","show_post_author_image":"1","show_post_date":"1","post_date_format":"default","post_date_format_custom":"Y\/m\/d","show_post_category":"1","show_post_reading_time":"0","post_reading_time_wpm":"300","show_zoom_button":"0","zoom_button_out_step":"2","zoom_button_in_step":"3","show_post_tag":"1","show_prev_next_post":"1","show_popup_post":"1","number_popup_post":"1","show_author_box":"0","show_post_related":"0","show_inline_post_related":"0"}],"override_image_size":"0","image_override":[{"single_post_thumbnail_size":"no-crop","single_post_gallery_size":"crop-715"}],"trending_post":"0","trending_post_position":"meta","trending_post_label":"Trending","sponsored_post":"0","sponsored_post_label":"Sponsored by","sponsored_post_name":"","sponsored_post_url":"","sponsored_post_logo_enable":"0","sponsored_post_logo":"","sponsored_post_desc":"","disable_ad":"0"},"jnews_primary_category":{"id":"","hide":""},"footnotes":""},"categories":[91],"tags":[],"class_list":["post-11907","post","type-post","status-publish","format-standard","has-post-thumbnail","hentry","category-politica"],"_links":{"self":[{"href":"https:\/\/cidadebaixaonline.com.br\/index.php\/wp-json\/wp\/v2\/posts\/11907","targetHints":{"allow":["GET"]}}],"collection":[{"href":"https:\/\/cidadebaixaonline.com.br\/index.php\/wp-json\/wp\/v2\/posts"}],"about":[{"href":"https:\/\/cidadebaixaonline.com.br\/index.php\/wp-json\/wp\/v2\/types\/post"}],"author":[{"embeddable":true,"href":"https:\/\/cidadebaixaonline.com.br\/index.php\/wp-json\/wp\/v2\/users\/2"}],"replies":[{"embeddable":true,"href":"https:\/\/cidadebaixaonline.com.br\/index.php\/wp-json\/wp\/v2\/comments?post=11907"}],"version-history":[{"count":1,"href":"https:\/\/cidadebaixaonline.com.br\/index.php\/wp-json\/wp\/v2\/posts\/11907\/revisions"}],"predecessor-version":[{"id":11909,"href":"https:\/\/cidadebaixaonline.com.br\/index.php\/wp-json\/wp\/v2\/posts\/11907\/revisions\/11909"}],"wp:featuredmedia":[{"embeddable":true,"href":"https:\/\/cidadebaixaonline.com.br\/index.php\/wp-json\/wp\/v2\/media\/11908"}],"wp:attachment":[{"href":"https:\/\/cidadebaixaonline.com.br\/index.php\/wp-json\/wp\/v2\/media?parent=11907"}],"wp:term":[{"taxonomy":"category","embeddable":true,"href":"https:\/\/cidadebaixaonline.com.br\/index.php\/wp-json\/wp\/v2\/categories?post=11907"},{"taxonomy":"post_tag","embeddable":true,"href":"https:\/\/cidadebaixaonline.com.br\/index.php\/wp-json\/wp\/v2\/tags?post=11907"}],"curies":[{"name":"wp","href":"https:\/\/api.w.org\/{rel}","templated":true}]}}