{"id":11781,"date":"2025-01-21T17:02:03","date_gmt":"2025-01-21T20:02:03","guid":{"rendered":"https:\/\/cidadebaixaonline.com.br\/?p=11781"},"modified":"2025-01-21T17:02:03","modified_gmt":"2025-01-21T20:02:03","slug":"smed-reabre-cadastramento-para-novos-alunos-da-educacao-infantil-em-salvador","status":"publish","type":"post","link":"https:\/\/cidadebaixaonline.com.br\/index.php\/2025\/01\/21\/smed-reabre-cadastramento-para-novos-alunos-da-educacao-infantil-em-salvador\/","title":{"rendered":"Smed reabre cadastramento para novos alunos da Educa\u00e7\u00e3o Infantil em Salvador"},"content":{"rendered":"\n<p>A Secretaria Municipal da Educa\u00e7\u00e3o (Smed) reabriu o cadastramento de novos alunos para a Educa\u00e7\u00e3o Infantil na rede municipal de ensino de Salvador. Os pais ou respons\u00e1veis interessados devem acessar o site https:\/\/educacao-cadastroescolar.salvador.ba.gov.br\/. A a\u00e7\u00e3o \u00e9 destinada a crian\u00e7as de dois a cinco anos nascidas entre 1\u00ba\/4\/2019 e 31\/3\/2023.<\/p>\n\n\n\n<p>Para realizar o cadastro, os interessados devem apresentar o CPF do respons\u00e1vel, a certid\u00e3o de nascimento da crian\u00e7a e o endere\u00e7o completo de interesse (localiza\u00e7\u00e3o residencial ou comercial perto de onde a fam\u00edlia quer que a crian\u00e7a estude). Segundo a Smed, o cadastro n\u00e3o garante a matr\u00edcula imediata do aluno. A efetiva\u00e7\u00e3o da matr\u00edcula se dar\u00e1 em tempo oportuno para as crian\u00e7as cadastradas que foram contempladas por vagas dispon\u00edveis, seja na rede pr\u00f3pria ou atrav\u00e9s do programa P\u00e9 na Escola.<\/p>\n\n\n\n<p>A distribui\u00e7\u00e3o das vagas ocorre de acordo com a escola de escolha de cada fam\u00edlia, obedecendo os crit\u00e9rios de prioridades estabelecidos pela secretaria: p\u00fablico-alvo da Educa\u00e7\u00e3o Especial (com defici\u00eancia f\u00edsica, defici\u00eancia auditiva e surdez, defici\u00eancia visual, cegueira, baixa vis\u00e3o, defici\u00eancia intelectual, defici\u00eancia m\u00faltipla e surdo cegueira, com transtornos do espectro autista (TEA), as psicoses infantis, a S\u00edndrome de Kanner e a S\u00edndrome de Rett e\/ou com altas habilidades\/superdota\u00e7\u00e3o, transtorno do d\u00e9ficit de aten\u00e7\u00e3o com hiperatividade (TDAH), benefici\u00e1rias do Programa Bolsa Fam\u00edlia ou que recebem Benef\u00edcio de Presta\u00e7\u00e3o Continuada (BPC), cuja m\u00e3e ou respons\u00e1vel tem medida protetiva, em comprimento \u00e0 Lei n\u00ba 11.340\/2006 &#8211; Lei Maria da Penha e cuja crian\u00e7a est\u00e1 em situa\u00e7\u00e3o de acolhimento familiar.<\/p>\n\n\n\n<p>O cadastramento escolar visa organizar e planejar a demanda existente, bem como para a organiza\u00e7\u00e3o do per\u00edodo de efetiva\u00e7\u00e3o da matr\u00edcula. A a\u00e7\u00e3o facilita o direcionamento do aluno \u00e0 escola de prefer\u00eancia da fam\u00edlia e\/ou localizada a 1.200 metros do endere\u00e7o de refer\u00eancia.<\/p>\n\n\n\n<p>J\u00e1 o Cadastro do Ensino Fundamental \u00e9 destinado aos estudantes do 1\u00b0 ao 9\u00b0 ano do Ensino Fundamental, com idade a partir de 6 anos, desde que completados at\u00e9 31\/03\/2025. O cadastro para a Educa\u00e7\u00e3o de Jovens e Adultos (EJA), por sua vez, \u00e9 destinado a jovens, adultos e idosos que desejem retomar os estudos em escolas da rede municipal de ensino de Salvador, no turno noturno.<\/p>\n\n\n\n<p>Fonte: Varela Net<\/p>\n","protected":false},"excerpt":{"rendered":"<p>A Secretaria Municipal da Educa\u00e7\u00e3o (Smed) reabriu o cadastramento de novos alunos para a Educa\u00e7\u00e3o Infantil na rede municipal de ensino de Salvador. Os pais ou respons\u00e1veis interessados devem acessar o site https:\/\/educacao-cadastroescolar.salvador.ba.gov.br\/. A a\u00e7\u00e3o \u00e9 destinada a crian\u00e7as de dois a cinco anos nascidas entre 1\u00ba\/4\/2019 e 31\/3\/2023. Para realizar o cadastro, os interessados [&hellip;]<\/p>\n","protected":false},"author":2,"featured_media":11780,"comment_status":"closed","ping_status":"open","sticky":false,"template":"","format":"standard","meta":{"jnews-multi-image_gallery":[],"jnews_single_post":[],"jnews_primary_category":[],"footnotes":""},"categories":[85],"tags":[],"class_list":["post-11781","post","type-post","status-publish","format-standard","has-post-thumbnail","hentry","category-noticias"],"_links":{"self":[{"href":"https:\/\/cidadebaixaonline.com.br\/index.php\/wp-json\/wp\/v2\/posts\/11781","targetHints":{"allow":["GET"]}}],"collection":[{"href":"https:\/\/cidadebaixaonline.com.br\/index.php\/wp-json\/wp\/v2\/posts"}],"about":[{"href":"https:\/\/cidadebaixaonline.com.br\/index.php\/wp-json\/wp\/v2\/types\/post"}],"author":[{"embeddable":true,"href":"https:\/\/cidadebaixaonline.com.br\/index.php\/wp-json\/wp\/v2\/users\/2"}],"replies":[{"embeddable":true,"href":"https:\/\/cidadebaixaonline.com.br\/index.php\/wp-json\/wp\/v2\/comments?post=11781"}],"version-history":[{"count":1,"href":"https:\/\/cidadebaixaonline.com.br\/index.php\/wp-json\/wp\/v2\/posts\/11781\/revisions"}],"predecessor-version":[{"id":11782,"href":"https:\/\/cidadebaixaonline.com.br\/index.php\/wp-json\/wp\/v2\/posts\/11781\/revisions\/11782"}],"wp:featuredmedia":[{"embeddable":true,"href":"https:\/\/cidadebaixaonline.com.br\/index.php\/wp-json\/wp\/v2\/media\/11780"}],"wp:attachment":[{"href":"https:\/\/cidadebaixaonline.com.br\/index.php\/wp-json\/wp\/v2\/media?parent=11781"}],"wp:term":[{"taxonomy":"category","embeddable":true,"href":"https:\/\/cidadebaixaonline.com.br\/index.php\/wp-json\/wp\/v2\/categories?post=11781"},{"taxonomy":"post_tag","embeddable":true,"href":"https:\/\/cidadebaixaonline.com.br\/index.php\/wp-json\/wp\/v2\/tags?post=11781"}],"curies":[{"name":"wp","href":"https:\/\/api.w.org\/{rel}","templated":true}]}}