{"id":11753,"date":"2025-01-10T12:18:23","date_gmt":"2025-01-10T15:18:23","guid":{"rendered":"https:\/\/cidadebaixaonline.com.br\/?p=11753"},"modified":"2025-01-10T12:18:23","modified_gmt":"2025-01-10T15:18:23","slug":"bbb-25-confira-os-participantes-que-vao-representar-a-bahia","status":"publish","type":"post","link":"https:\/\/cidadebaixaonline.com.br\/index.php\/2025\/01\/10\/bbb-25-confira-os-participantes-que-vao-representar-a-bahia\/","title":{"rendered":"BBB 25: Confira os participantes que v\u00e3o representar a Bahia"},"content":{"rendered":"\n<p>O Big Brother Brasil 2025 est\u00e1 anunciando seus primeiros participantes nesta quinta-feira (9). Os baianos Vin\u00edcius, de 28 anos, e Aline, de 32, foram anunciados e v\u00e3o representar o estado nesta edi\u00e7\u00e3o. Com um tema especial, o reality deste ano celebra os 60 anos da Rede Globo, incorporando elementos hist\u00f3ricos da emissora em cada detalhe da casa.<\/p>\n\n\n\n<p>Os dois se conheceram h\u00e1 sete anos a caminho de um trabalhona capital baiana. Desde ent\u00e3o, nunca mais se afastaram. Entrar no BBB em dupla ser\u00e1&nbsp;uma experi\u00eancia nova para o la\u00e7o de amizade que constru\u00edram. A ideia da inscri\u00e7\u00e3o partiu de Vin\u00edcius, e os dois n\u00e3o pretendem deixar de lado o v\u00ednculo: \u201cS\u00f3 poderia ser a Aline comigo no BBB. A gente n\u00e3o se conheceu, se encontrou, e vai ser assim at\u00e9 o fim das nossas vidas. J\u00e1 combinamos: quem tiver oportunidades no jogo primeiro, puxa o outro\u201d, destaca. &nbsp;<\/p>\n\n\n\n<p>Natural de Nazar\u00e9, na Bahia, Vin\u00edcius hoje mora em S\u00e3o Paulo e \u00e9 promotor de eventos. Formado em Arquitetura, tamb\u00e9m trabalha como modelo e artista pl\u00e1stico. Diz ser um cara simples e de bem com a vida. Conta que sua caracter\u00edstica mais marcante \u00e9 a coragem. Orgulha-se de ser o primeiro da fam\u00edlia a ingressar numa faculdade e de ter conhecido alguns pa\u00edses mundo afora. \u201cAdmiro o Vini porque ele \u00e9 uma pessoa muito inteligente, e \u00e9 antenad\u00edssimo. Eu me sinto segura porque tudo que pergunto a ele, ele sabe\u201d, conta a amiga Aline, que ainda elogia sua lealdade.<\/p>\n\n\n\n<p>Nascida em Salvador, Aline se considera uma mulher forte, guerreira e que luta pelo que quer. \u00c9 filha de professores de Educa\u00e7\u00e3o F\u00edsica e formada em Direito. Trabalhar na Pol\u00edcia Militar da Bahia \u00e9 uma enorme conquista para ela, que hoje tamb\u00e9m atua como influenciadora digital, com foco em conte\u00fados de empoderamento feminino. Diz acreditar muito em sua intui\u00e7\u00e3o e revela que dificilmente deixa de captar as reais inten\u00e7\u00f5es de algu\u00e9m, tra\u00e7o que sua dupla tamb\u00e9m refor\u00e7a: \u201cAline \u00e9 a pessoa mais sensitiva e ligada que eu conhe\u00e7o. Nada vai passar despercebido por ela\u201d. Apesar de suas desconfian\u00e7as, conta que se apaixona em quest\u00e3o de segundos, mas que perde o encanto com a mesma rapidez.<\/p>\n\n\n\n<p>Fonte: Varela Net<\/p>\n","protected":false},"excerpt":{"rendered":"<p>O Big Brother Brasil 2025 est\u00e1 anunciando seus primeiros participantes nesta quinta-feira (9). Os baianos Vin\u00edcius, de 28 anos, e Aline, de 32, foram anunciados e v\u00e3o representar o estado nesta edi\u00e7\u00e3o. Com um tema especial, o reality deste ano celebra os 60 anos da Rede Globo, incorporando elementos hist\u00f3ricos da emissora em cada detalhe [&hellip;]<\/p>\n","protected":false},"author":2,"featured_media":11752,"comment_status":"closed","ping_status":"open","sticky":false,"template":"","format":"standard","meta":{"jnews-multi-image_gallery":[],"jnews_single_post":[],"jnews_primary_category":[],"footnotes":""},"categories":[93],"tags":[],"class_list":["post-11753","post","type-post","status-publish","format-standard","has-post-thumbnail","hentry","category-entretenimento"],"_links":{"self":[{"href":"https:\/\/cidadebaixaonline.com.br\/index.php\/wp-json\/wp\/v2\/posts\/11753","targetHints":{"allow":["GET"]}}],"collection":[{"href":"https:\/\/cidadebaixaonline.com.br\/index.php\/wp-json\/wp\/v2\/posts"}],"about":[{"href":"https:\/\/cidadebaixaonline.com.br\/index.php\/wp-json\/wp\/v2\/types\/post"}],"author":[{"embeddable":true,"href":"https:\/\/cidadebaixaonline.com.br\/index.php\/wp-json\/wp\/v2\/users\/2"}],"replies":[{"embeddable":true,"href":"https:\/\/cidadebaixaonline.com.br\/index.php\/wp-json\/wp\/v2\/comments?post=11753"}],"version-history":[{"count":1,"href":"https:\/\/cidadebaixaonline.com.br\/index.php\/wp-json\/wp\/v2\/posts\/11753\/revisions"}],"predecessor-version":[{"id":11754,"href":"https:\/\/cidadebaixaonline.com.br\/index.php\/wp-json\/wp\/v2\/posts\/11753\/revisions\/11754"}],"wp:featuredmedia":[{"embeddable":true,"href":"https:\/\/cidadebaixaonline.com.br\/index.php\/wp-json\/wp\/v2\/media\/11752"}],"wp:attachment":[{"href":"https:\/\/cidadebaixaonline.com.br\/index.php\/wp-json\/wp\/v2\/media?parent=11753"}],"wp:term":[{"taxonomy":"category","embeddable":true,"href":"https:\/\/cidadebaixaonline.com.br\/index.php\/wp-json\/wp\/v2\/categories?post=11753"},{"taxonomy":"post_tag","embeddable":true,"href":"https:\/\/cidadebaixaonline.com.br\/index.php\/wp-json\/wp\/v2\/tags?post=11753"}],"curies":[{"name":"wp","href":"https:\/\/api.w.org\/{rel}","templated":true}]}}