{"id":11745,"date":"2025-01-09T10:45:00","date_gmt":"2025-01-09T13:45:00","guid":{"rendered":"https:\/\/cidadebaixaonline.com.br\/?p=11745"},"modified":"2025-01-09T10:45:01","modified_gmt":"2025-01-09T13:45:01","slug":"medica-e-acusada-de-racismo-apos-chamar-enfermeiro-de-macaco-em-upa-de-itapua","status":"publish","type":"post","link":"https:\/\/cidadebaixaonline.com.br\/index.php\/2025\/01\/09\/medica-e-acusada-de-racismo-apos-chamar-enfermeiro-de-macaco-em-upa-de-itapua\/","title":{"rendered":"M\u00e9dica \u00e9 acusada de racismo ap\u00f3s chamar enfermeiro de &#8220;macaco&#8221; em UPA de Itapu\u00e3"},"content":{"rendered":"\n<p>Uma m\u00e9dica foi denunciada por inj\u00faria racial ap\u00f3s chamar um enfermeiro de &#8220;macaco&#8221; durante plant\u00e3o na Unidade de Pronto Atendimento (UPA) de Itapu\u00e3, neste domingo (29). A informa\u00e7\u00e3o \u00e9 do jornal Correio.<\/p>\n\n\n\n<p>Um inqu\u00e9rito policial foi instaurado na 12\u00aa Delegacia para apurar o caso, que envolve acusa\u00e7\u00e3o de inj\u00faria contra um funcion\u00e1rio p\u00fablico. O enfermeiro, ap\u00f3s o ocorrido, registrou um boletim de ocorr\u00eancia contra a profissional de sa\u00fade. Al\u00e9m disso, a m\u00e9dica \u00e9 acusada de tratar outros enfermeiros com ofensas grosseiras e desrespeitosas em ocasi\u00f5es anteriores.<\/p>\n\n\n\n<p>De acordo com relatos, a m\u00e9dica teria demonstrado atitudes desrespeitosas e mal-educadas com a equipe de enfermagem em diversas situa\u00e7\u00f5es, incluindo desconsidera\u00e7\u00e3o pelos hor\u00e1rios de descanso dos profissionais. Agora, ela \u00e9 acusada de inj\u00faria racial contra um dos enfermeiros.&nbsp;<\/p>\n\n\n\n<p>Em nota, o Conselho Regional de Enfermagem da Bahia (Coren-BA) expressou &#8220;veemente rep\u00fadio&#8221; ao incidente. &#8220;O racismo \u00e9 uma pr\u00e1tica abomin\u00e1vel e inaceit\u00e1vel em qualquer circunst\u00e2ncia, especialmente em ambientes de sa\u00fade, onde o respeito m\u00fatuo e a colabora\u00e7\u00e3o entre profissionais s\u00e3o fundamentais para o bem-estar dos pacientes e para a qualidade do atendimento. \u00c9 inadmiss\u00edvel que um profissional da sa\u00fade, cuja miss\u00e3o \u00e9 cuidar da popula\u00e7\u00e3o com dedica\u00e7\u00e3o e comprometimento, seja alvo de atos t\u00e3o desumanos e repugnantes&#8221;, afirmou o Coren-BA. O \u00f3rg\u00e3o tamb\u00e9m destacou sua posi\u00e7\u00e3o de intoler\u00e2ncia a qualquer forma de discrimina\u00e7\u00e3o, preconceito ou viol\u00eancia, exigindo uma investiga\u00e7\u00e3o rigorosa e a aplica\u00e7\u00e3o da lei. &#8220;O combate ao racismo \u00e9 uma responsabilidade de todos e deve ser tratado com a seriedade que o tema exige&#8221;, acrescentou.<\/p>\n\n\n\n<p>O presidente do Coren-BA, Davi Ap\u00f3stolo, afirmou: \u201cN\u00e3o toleraremos em nenhuma hip\u00f3tese afirma\u00e7\u00f5es incoerentes, que visam desqualificar a nossa categoria&#8221;.<\/p>\n\n\n\n<p>A Secretaria Municipal da Sa\u00fade (SMS) comunicou que abriu uma sindic\u00e2ncia interna para investigar os fatos. As partes envolvidas j\u00e1 registraram boletim de ocorr\u00eancia.<\/p>\n\n\n\n<p>O Sindicato dos Servidores da Prefeitura de Salvador (Sindseps) tamb\u00e9m se manifestou, afirmando que acompanhar\u00e1 o caso. &#8220;Um caso em tela que tem a UPA de Itapu\u00e3 como cen\u00e1rio de uma acusa\u00e7\u00e3o grave de racismo ser\u00e1 acompanhado pelo Sindseps. A entidade coloca seus servi\u00e7os de assist\u00eancia jur\u00eddica e psicol\u00f3gica em favor de seus filiados\/as sempre que fatos dessa natureza ocorram&#8221;, disse a nota. O sindicato ressaltou a import\u00e2ncia de combater atitudes preconceituosas em parceria com o controle social para garantir que os respons\u00e1veis sejam devidamente punidos.<\/p>\n\n\n\n<p>A Pol\u00edcia Civil informou que dilig\u00eancias ser\u00e3o realizadas para esclarecer os detalhes do ocorrido.<\/p>\n\n\n\n<p>Fonte: Varela Net <\/p>\n","protected":false},"excerpt":{"rendered":"<p>Uma m\u00e9dica foi denunciada por inj\u00faria racial ap\u00f3s chamar um enfermeiro de &#8220;macaco&#8221; durante plant\u00e3o na Unidade de Pronto Atendimento (UPA) de Itapu\u00e3, neste domingo (29). A informa\u00e7\u00e3o \u00e9 do jornal Correio. Um inqu\u00e9rito policial foi instaurado na 12\u00aa Delegacia para apurar o caso, que envolve acusa\u00e7\u00e3o de inj\u00faria contra um funcion\u00e1rio p\u00fablico. O enfermeiro, [&hellip;]<\/p>\n","protected":false},"author":2,"featured_media":11747,"comment_status":"open","ping_status":"open","sticky":false,"template":"","format":"standard","meta":{"jnews-multi-image_gallery":[],"jnews_single_post":{"subtitle":"","format":"standard","video":"","gallery":"","source_name":"","source_url":"","via_name":"","via_url":"","override_template":"0","override":[{"template":"1","single_blog_custom":"","parallax":"1","fullscreen":"1","layout":"right-sidebar","sidebar":"default-sidebar","second_sidebar":"default-sidebar","sticky_sidebar":"1","share_position":"top","share_float_style":"share-monocrhome","show_share_counter":"0","show_view_counter":"0","show_featured":"1","show_post_meta":"1","show_post_author":"0","show_post_author_image":"1","show_post_date":"1","post_date_format":"default","post_date_format_custom":"Y\/m\/d","show_post_category":"1","show_post_reading_time":"0","post_reading_time_wpm":"300","show_zoom_button":"0","zoom_button_out_step":"2","zoom_button_in_step":"3","show_post_tag":"1","show_prev_next_post":"1","show_popup_post":"1","number_popup_post":"1","show_author_box":"0","show_post_related":"0","show_inline_post_related":"0"}],"override_image_size":"0","image_override":[{"single_post_thumbnail_size":"no-crop","single_post_gallery_size":"crop-715"}],"trending_post":"0","trending_post_position":"meta","trending_post_label":"Trending","sponsored_post":"0","sponsored_post_label":"Sponsored by","sponsored_post_name":"","sponsored_post_url":"","sponsored_post_logo_enable":"0","sponsored_post_logo":"","sponsored_post_desc":"","disable_ad":"0"},"jnews_primary_category":{"id":"","hide":""},"footnotes":""},"categories":[107],"tags":[],"class_list":["post-11745","post","type-post","status-publish","format-standard","has-post-thumbnail","hentry","category-justica"],"_links":{"self":[{"href":"https:\/\/cidadebaixaonline.com.br\/index.php\/wp-json\/wp\/v2\/posts\/11745","targetHints":{"allow":["GET"]}}],"collection":[{"href":"https:\/\/cidadebaixaonline.com.br\/index.php\/wp-json\/wp\/v2\/posts"}],"about":[{"href":"https:\/\/cidadebaixaonline.com.br\/index.php\/wp-json\/wp\/v2\/types\/post"}],"author":[{"embeddable":true,"href":"https:\/\/cidadebaixaonline.com.br\/index.php\/wp-json\/wp\/v2\/users\/2"}],"replies":[{"embeddable":true,"href":"https:\/\/cidadebaixaonline.com.br\/index.php\/wp-json\/wp\/v2\/comments?post=11745"}],"version-history":[{"count":1,"href":"https:\/\/cidadebaixaonline.com.br\/index.php\/wp-json\/wp\/v2\/posts\/11745\/revisions"}],"predecessor-version":[{"id":11748,"href":"https:\/\/cidadebaixaonline.com.br\/index.php\/wp-json\/wp\/v2\/posts\/11745\/revisions\/11748"}],"wp:featuredmedia":[{"embeddable":true,"href":"https:\/\/cidadebaixaonline.com.br\/index.php\/wp-json\/wp\/v2\/media\/11747"}],"wp:attachment":[{"href":"https:\/\/cidadebaixaonline.com.br\/index.php\/wp-json\/wp\/v2\/media?parent=11745"}],"wp:term":[{"taxonomy":"category","embeddable":true,"href":"https:\/\/cidadebaixaonline.com.br\/index.php\/wp-json\/wp\/v2\/categories?post=11745"},{"taxonomy":"post_tag","embeddable":true,"href":"https:\/\/cidadebaixaonline.com.br\/index.php\/wp-json\/wp\/v2\/tags?post=11745"}],"curies":[{"name":"wp","href":"https:\/\/api.w.org\/{rel}","templated":true}]}}