{"id":11668,"date":"2024-12-26T12:43:27","date_gmt":"2024-12-26T15:43:27","guid":{"rendered":"https:\/\/cidadebaixaonline.com.br\/?p=11668"},"modified":"2024-12-26T12:43:27","modified_gmt":"2024-12-26T15:43:27","slug":"vitoria-fecha-contratacao-de-lateral-esquerdo-do-botafogo","status":"publish","type":"post","link":"https:\/\/cidadebaixaonline.com.br\/index.php\/2024\/12\/26\/vitoria-fecha-contratacao-de-lateral-esquerdo-do-botafogo\/","title":{"rendered":"Vit\u00f3ria fecha contrata\u00e7\u00e3o de lateral-esquerdo do Botafogo"},"content":{"rendered":"\n<p>O Vit\u00f3ria acertou a contrata\u00e7\u00e3o do lateral-esquerdo Hugo, de 23 anos, que estava no Botafogo. A informa\u00e7\u00e3o foi inicialmente divulgada pelo jornalista Ven\u00ea Casagrande.<\/p>\n\n\n\n<p>Hugo \u00e9 formado nas categorias de base do Botafogo e teve sua melhor temporada em 2023, disputando 40 jogos, marcando um gol e registrando duas assist\u00eancias. Em 2024, ele disputou 33 partidas, marcou dois gols e deu sete assist\u00eancias, destacando-se como campe\u00e3o da Libertadores e do Campeonato Brasileiro.<\/p>\n\n\n\n<p>O jogador chega ao Vit\u00f3ria por empr\u00e9stimo at\u00e9 o fim de 2025, com o clube rubro-negro arcando com a totalidade de seu sal\u00e1rio e com o passe fixado. Al\u00e9m disso, o Vit\u00f3ria est\u00e1 em negocia\u00e7\u00f5es avan\u00e7adas para contratar o zagueiro Lucas Halter, tamb\u00e9m do Botafogo.<\/p>\n\n\n\n<p>Fonte: Varela Net<\/p>\n","protected":false},"excerpt":{"rendered":"<p>O Vit\u00f3ria acertou a contrata\u00e7\u00e3o do lateral-esquerdo Hugo, de 23 anos, que estava no Botafogo. A informa\u00e7\u00e3o foi inicialmente divulgada pelo jornalista Ven\u00ea Casagrande. Hugo \u00e9 formado nas categorias de base do Botafogo e teve sua melhor temporada em 2023, disputando 40 jogos, marcando um gol e registrando duas assist\u00eancias. Em 2024, ele disputou 33 [&hellip;]<\/p>\n","protected":false},"author":2,"featured_media":11667,"comment_status":"closed","ping_status":"open","sticky":false,"template":"","format":"standard","meta":{"jnews-multi-image_gallery":[],"jnews_single_post":[],"jnews_primary_category":[],"footnotes":""},"categories":[85],"tags":[],"class_list":["post-11668","post","type-post","status-publish","format-standard","has-post-thumbnail","hentry","category-noticias"],"_links":{"self":[{"href":"https:\/\/cidadebaixaonline.com.br\/index.php\/wp-json\/wp\/v2\/posts\/11668","targetHints":{"allow":["GET"]}}],"collection":[{"href":"https:\/\/cidadebaixaonline.com.br\/index.php\/wp-json\/wp\/v2\/posts"}],"about":[{"href":"https:\/\/cidadebaixaonline.com.br\/index.php\/wp-json\/wp\/v2\/types\/post"}],"author":[{"embeddable":true,"href":"https:\/\/cidadebaixaonline.com.br\/index.php\/wp-json\/wp\/v2\/users\/2"}],"replies":[{"embeddable":true,"href":"https:\/\/cidadebaixaonline.com.br\/index.php\/wp-json\/wp\/v2\/comments?post=11668"}],"version-history":[{"count":1,"href":"https:\/\/cidadebaixaonline.com.br\/index.php\/wp-json\/wp\/v2\/posts\/11668\/revisions"}],"predecessor-version":[{"id":11669,"href":"https:\/\/cidadebaixaonline.com.br\/index.php\/wp-json\/wp\/v2\/posts\/11668\/revisions\/11669"}],"wp:featuredmedia":[{"embeddable":true,"href":"https:\/\/cidadebaixaonline.com.br\/index.php\/wp-json\/wp\/v2\/media\/11667"}],"wp:attachment":[{"href":"https:\/\/cidadebaixaonline.com.br\/index.php\/wp-json\/wp\/v2\/media?parent=11668"}],"wp:term":[{"taxonomy":"category","embeddable":true,"href":"https:\/\/cidadebaixaonline.com.br\/index.php\/wp-json\/wp\/v2\/categories?post=11668"},{"taxonomy":"post_tag","embeddable":true,"href":"https:\/\/cidadebaixaonline.com.br\/index.php\/wp-json\/wp\/v2\/tags?post=11668"}],"curies":[{"name":"wp","href":"https:\/\/api.w.org\/{rel}","templated":true}]}}