{"id":11663,"date":"2024-12-23T13:02:29","date_gmt":"2024-12-23T16:02:29","guid":{"rendered":"https:\/\/cidadebaixaonline.com.br\/?p=11663"},"modified":"2024-12-23T13:02:29","modified_gmt":"2024-12-23T16:02:29","slug":"flavio-dino-suspende-r-4-bilhoes-em-emenda","status":"publish","type":"post","link":"https:\/\/cidadebaixaonline.com.br\/index.php\/2024\/12\/23\/flavio-dino-suspende-r-4-bilhoes-em-emenda\/","title":{"rendered":"Flavio Dino suspende R$ 4 bilh\u00f5es em emenda"},"content":{"rendered":"\n<p>Nesta segunda-feira (23), o ministro do Supremo Tribunal Federal (STF), Flavio Dino, suspendeu cerca de R$ 4 bilh\u00f5es em emendas de comiss\u00e3o.&nbsp;<\/p>\n\n\n\n<p>\u201cOs recentes \u2018cortes de gastos\u2019 deliberados pelos Poderes Executivo e Legislativo tornam ainda mais paradoxal que se verifique a persistente inobserv\u00e2ncia de deveres constitucionais e legais \u2013 aprovados pelo Congresso Nacional \u2013 quanto \u00e0 transpar\u00eancia, rastreabilidade e efici\u00eancia na aplica\u00e7\u00e3o de bilh\u00f5es de reais\u201d, disse o ministro.&nbsp;<\/p>\n\n\n\n<p>A emenda foi suspensa devido a pedido feito pelo PSOL, que indicou irregularidades em destina\u00e7\u00e3o de emenda de comiss\u00e3o, girando m torno de R$&nbsp;4,2 bilh\u00f5es.&nbsp;<\/p>\n\n\n\n<p>Fonte: Varela Net<\/p>\n","protected":false},"excerpt":{"rendered":"<p>Nesta segunda-feira (23), o ministro do Supremo Tribunal Federal (STF), Flavio Dino, suspendeu cerca de R$ 4 bilh\u00f5es em emendas de comiss\u00e3o.&nbsp; \u201cOs recentes \u2018cortes de gastos\u2019 deliberados pelos Poderes Executivo e Legislativo tornam ainda mais paradoxal que se verifique a persistente inobserv\u00e2ncia de deveres constitucionais e legais \u2013 aprovados pelo Congresso Nacional \u2013 quanto [&hellip;]<\/p>\n","protected":false},"author":2,"featured_media":11662,"comment_status":"closed","ping_status":"open","sticky":false,"template":"","format":"standard","meta":{"jnews-multi-image_gallery":[],"jnews_single_post":[],"jnews_primary_category":[],"footnotes":""},"categories":[91],"tags":[],"class_list":["post-11663","post","type-post","status-publish","format-standard","has-post-thumbnail","hentry","category-politica"],"_links":{"self":[{"href":"https:\/\/cidadebaixaonline.com.br\/index.php\/wp-json\/wp\/v2\/posts\/11663","targetHints":{"allow":["GET"]}}],"collection":[{"href":"https:\/\/cidadebaixaonline.com.br\/index.php\/wp-json\/wp\/v2\/posts"}],"about":[{"href":"https:\/\/cidadebaixaonline.com.br\/index.php\/wp-json\/wp\/v2\/types\/post"}],"author":[{"embeddable":true,"href":"https:\/\/cidadebaixaonline.com.br\/index.php\/wp-json\/wp\/v2\/users\/2"}],"replies":[{"embeddable":true,"href":"https:\/\/cidadebaixaonline.com.br\/index.php\/wp-json\/wp\/v2\/comments?post=11663"}],"version-history":[{"count":1,"href":"https:\/\/cidadebaixaonline.com.br\/index.php\/wp-json\/wp\/v2\/posts\/11663\/revisions"}],"predecessor-version":[{"id":11664,"href":"https:\/\/cidadebaixaonline.com.br\/index.php\/wp-json\/wp\/v2\/posts\/11663\/revisions\/11664"}],"wp:featuredmedia":[{"embeddable":true,"href":"https:\/\/cidadebaixaonline.com.br\/index.php\/wp-json\/wp\/v2\/media\/11662"}],"wp:attachment":[{"href":"https:\/\/cidadebaixaonline.com.br\/index.php\/wp-json\/wp\/v2\/media?parent=11663"}],"wp:term":[{"taxonomy":"category","embeddable":true,"href":"https:\/\/cidadebaixaonline.com.br\/index.php\/wp-json\/wp\/v2\/categories?post=11663"},{"taxonomy":"post_tag","embeddable":true,"href":"https:\/\/cidadebaixaonline.com.br\/index.php\/wp-json\/wp\/v2\/tags?post=11663"}],"curies":[{"name":"wp","href":"https:\/\/api.w.org\/{rel}","templated":true}]}}