{"id":11660,"date":"2024-12-23T13:01:36","date_gmt":"2024-12-23T16:01:36","guid":{"rendered":"https:\/\/cidadebaixaonline.com.br\/?p=11660"},"modified":"2024-12-23T13:01:36","modified_gmt":"2024-12-23T16:01:36","slug":"ja-dado-como-certo-wellington-rato-nega-acordo-com-o-vitoria","status":"publish","type":"post","link":"https:\/\/cidadebaixaonline.com.br\/index.php\/2024\/12\/23\/ja-dado-como-certo-wellington-rato-nega-acordo-com-o-vitoria\/","title":{"rendered":"J\u00e1 dado como certo, Wellington Rato nega acordo com o Vit\u00f3ria"},"content":{"rendered":"\n<p>No \u00faltimo domingo (22), o jogador Wellington Rato, do S\u00e3o Paulo, compartilhou uma nota em suas redes sociais dizendo n\u00e3o ter acerto com nenhum clube e que n\u00e3o h\u00e1 negocia\u00e7\u00f5es em andamento. Vale lembrar que h\u00e1 rumores de que Rato j\u00e1 tem acordo fechado com o Vit\u00f3ria.&nbsp;<\/p>\n\n\n\n<p>&#8220;N\u00e3o tenho nenhum acordo com outra equipe. Meu foco segue 100% no S\u00e3o Paulo&#8221;, escreveu o perfil do jogador em seu Instagram.&nbsp;<\/p>\n\n\n\n<figure class=\"wp-block-image\"><img loading=\"lazy\" decoding=\"async\" width=\"190\" height=\"300\" src=\"https:\/\/cidadebaixaonline.com.br\/wp-content\/uploads\/2024\/12\/5ca630d0-993f-4b20-bbc4-647258fbe920-1389-000001107dc64d62_file-190x300.jpg\" alt=\"\" class=\"wp-image-11659\" srcset=\"https:\/\/cidadebaixaonline.com.br\/wp-content\/uploads\/2024\/12\/5ca630d0-993f-4b20-bbc4-647258fbe920-1389-000001107dc64d62_file-190x300.jpg 190w, https:\/\/cidadebaixaonline.com.br\/wp-content\/uploads\/2024\/12\/5ca630d0-993f-4b20-bbc4-647258fbe920-1389-000001107dc64d62_file.jpg 650w\" sizes=\"auto, (max-width: 190px) 100vw, 190px\" \/><\/figure>\n\n\n\n<p>Conforme o canal &#8220;Canto Rubro Negro&#8221;, o jogador do S\u00e3o Paulo foi vendido ao Vit\u00f3ria por R$ 5 milh\u00f5es.<\/p>\n\n\n\n<p>Fonte: Varela Net<\/p>\n","protected":false},"excerpt":{"rendered":"<p>No \u00faltimo domingo (22), o jogador Wellington Rato, do S\u00e3o Paulo, compartilhou uma nota em suas redes sociais dizendo n\u00e3o ter acerto com nenhum clube e que n\u00e3o h\u00e1 negocia\u00e7\u00f5es em andamento. Vale lembrar que h\u00e1 rumores de que Rato j\u00e1 tem acordo fechado com o Vit\u00f3ria.&nbsp; &#8220;N\u00e3o tenho nenhum acordo com outra equipe. Meu [&hellip;]<\/p>\n","protected":false},"author":2,"featured_media":11658,"comment_status":"closed","ping_status":"open","sticky":false,"template":"","format":"standard","meta":{"jnews-multi-image_gallery":[],"jnews_single_post":[],"jnews_primary_category":[],"footnotes":""},"categories":[89],"tags":[],"class_list":["post-11660","post","type-post","status-publish","format-standard","has-post-thumbnail","hentry","category-esportes"],"_links":{"self":[{"href":"https:\/\/cidadebaixaonline.com.br\/index.php\/wp-json\/wp\/v2\/posts\/11660","targetHints":{"allow":["GET"]}}],"collection":[{"href":"https:\/\/cidadebaixaonline.com.br\/index.php\/wp-json\/wp\/v2\/posts"}],"about":[{"href":"https:\/\/cidadebaixaonline.com.br\/index.php\/wp-json\/wp\/v2\/types\/post"}],"author":[{"embeddable":true,"href":"https:\/\/cidadebaixaonline.com.br\/index.php\/wp-json\/wp\/v2\/users\/2"}],"replies":[{"embeddable":true,"href":"https:\/\/cidadebaixaonline.com.br\/index.php\/wp-json\/wp\/v2\/comments?post=11660"}],"version-history":[{"count":1,"href":"https:\/\/cidadebaixaonline.com.br\/index.php\/wp-json\/wp\/v2\/posts\/11660\/revisions"}],"predecessor-version":[{"id":11661,"href":"https:\/\/cidadebaixaonline.com.br\/index.php\/wp-json\/wp\/v2\/posts\/11660\/revisions\/11661"}],"wp:featuredmedia":[{"embeddable":true,"href":"https:\/\/cidadebaixaonline.com.br\/index.php\/wp-json\/wp\/v2\/media\/11658"}],"wp:attachment":[{"href":"https:\/\/cidadebaixaonline.com.br\/index.php\/wp-json\/wp\/v2\/media?parent=11660"}],"wp:term":[{"taxonomy":"category","embeddable":true,"href":"https:\/\/cidadebaixaonline.com.br\/index.php\/wp-json\/wp\/v2\/categories?post=11660"},{"taxonomy":"post_tag","embeddable":true,"href":"https:\/\/cidadebaixaonline.com.br\/index.php\/wp-json\/wp\/v2\/tags?post=11660"}],"curies":[{"name":"wp","href":"https:\/\/api.w.org\/{rel}","templated":true}]}}