{"id":11656,"date":"2024-12-23T12:59:52","date_gmt":"2024-12-23T15:59:52","guid":{"rendered":"https:\/\/cidadebaixaonline.com.br\/?p=11656"},"modified":"2024-12-23T12:59:52","modified_gmt":"2024-12-23T15:59:52","slug":"prefeitura-de-lauro-de-freitas-se-manifesta-apos-prisao-do-vice-prefeito-na-operacao-overclean","status":"publish","type":"post","link":"https:\/\/cidadebaixaonline.com.br\/index.php\/2024\/12\/23\/prefeitura-de-lauro-de-freitas-se-manifesta-apos-prisao-do-vice-prefeito-na-operacao-overclean\/","title":{"rendered":"Prefeitura de Lauro de Freitas se manifesta ap\u00f3s pris\u00e3o do vice-prefeito na Opera\u00e7\u00e3o Overclean"},"content":{"rendered":"\n<p>A prefeitura de Lauro de Freitas, sob administra\u00e7\u00e3o de Moema Gramacho (PT), negou envolvimento com qualquer tipo de desvio de recursos, por meio de emendas parlamentares, ap\u00f3s a pris\u00e3o do vice-prefeito Vidigal Cafezeiro (Republicanos), na manh\u00e3 desta segunda-feira (23), pela Pol\u00edcia Federal.&nbsp;<\/p>\n\n\n\n<p>\u201cA Prefeita de Lauro de Freitas afirma n\u00e3o ter conhecimento de quaisquer desvios pela Gest\u00e3o e jamais praticou. Est\u00e1 t\u00e3o surpresa quanto a imprensa. E j\u00e1 colocou a Prefeitura \u00e0 disposi\u00e7\u00e3o para tudo o que as autoridades policiais e jur\u00eddicas precisarem para elucidar os fatos\u201d, diz o comunicado.&nbsp;<\/p>\n\n\n\n<p>Em nota divulgada \u00e0 imprensa, a gest\u00e3o municipal afirmou que a segunda fase da Opera\u00e7\u00e3o Overclean, deflagrada pela PF, se limita apenas a Cafezeiro, e negou que houve varredura no pr\u00e9dio.&nbsp;<\/p>\n\n\n\n<p>\u201cA Prefeitura Municipal de Lauro de Freitas informa que a ordem de busca e opera\u00e7\u00e3o foi dirigida exclusiva ao vice-prefeito, investigado na referida opera\u00e7\u00e3o. O ato policial, portanto, n\u00e3o se aplicou a todo o pr\u00e9dio, mas apenas \u00e0s depend\u00eancias do gabinete do vice-prefeito, que no momento n\u00e3o se encontrava l\u00e1\u201d, diz outro trecho da nota.<\/p>\n\n\n\n<p>A gest\u00e3o ainda refor\u00e7a a confian\u00e7a \u201cno trabalho da pol\u00edcia e da Justi\u00e7a que, ao final de todos os atos administrativos e judiciais, com todas as garantias democr\u00e1ticas, como a plena defesa e o devido processo legal, conseguir\u00e1 apontar quem dever\u00e1 ser punido e qual \u00e9 a san\u00e7\u00e3o cab\u00edvel\u201d.<\/p>\n\n\n\n<p>Fonte: Varela Net<\/p>\n\n\n\n<p><\/p>\n","protected":false},"excerpt":{"rendered":"<p>A prefeitura de Lauro de Freitas, sob administra\u00e7\u00e3o de Moema Gramacho (PT), negou envolvimento com qualquer tipo de desvio de recursos, por meio de emendas parlamentares, ap\u00f3s a pris\u00e3o do vice-prefeito Vidigal Cafezeiro (Republicanos), na manh\u00e3 desta segunda-feira (23), pela Pol\u00edcia Federal.&nbsp; \u201cA Prefeita de Lauro de Freitas afirma n\u00e3o ter conhecimento de quaisquer desvios [&hellip;]<\/p>\n","protected":false},"author":2,"featured_media":11655,"comment_status":"closed","ping_status":"open","sticky":false,"template":"","format":"standard","meta":{"jnews-multi-image_gallery":[],"jnews_single_post":[],"jnews_primary_category":[],"footnotes":""},"categories":[89],"tags":[],"class_list":["post-11656","post","type-post","status-publish","format-standard","has-post-thumbnail","hentry","category-esportes"],"_links":{"self":[{"href":"https:\/\/cidadebaixaonline.com.br\/index.php\/wp-json\/wp\/v2\/posts\/11656","targetHints":{"allow":["GET"]}}],"collection":[{"href":"https:\/\/cidadebaixaonline.com.br\/index.php\/wp-json\/wp\/v2\/posts"}],"about":[{"href":"https:\/\/cidadebaixaonline.com.br\/index.php\/wp-json\/wp\/v2\/types\/post"}],"author":[{"embeddable":true,"href":"https:\/\/cidadebaixaonline.com.br\/index.php\/wp-json\/wp\/v2\/users\/2"}],"replies":[{"embeddable":true,"href":"https:\/\/cidadebaixaonline.com.br\/index.php\/wp-json\/wp\/v2\/comments?post=11656"}],"version-history":[{"count":1,"href":"https:\/\/cidadebaixaonline.com.br\/index.php\/wp-json\/wp\/v2\/posts\/11656\/revisions"}],"predecessor-version":[{"id":11657,"href":"https:\/\/cidadebaixaonline.com.br\/index.php\/wp-json\/wp\/v2\/posts\/11656\/revisions\/11657"}],"wp:featuredmedia":[{"embeddable":true,"href":"https:\/\/cidadebaixaonline.com.br\/index.php\/wp-json\/wp\/v2\/media\/11655"}],"wp:attachment":[{"href":"https:\/\/cidadebaixaonline.com.br\/index.php\/wp-json\/wp\/v2\/media?parent=11656"}],"wp:term":[{"taxonomy":"category","embeddable":true,"href":"https:\/\/cidadebaixaonline.com.br\/index.php\/wp-json\/wp\/v2\/categories?post=11656"},{"taxonomy":"post_tag","embeddable":true,"href":"https:\/\/cidadebaixaonline.com.br\/index.php\/wp-json\/wp\/v2\/tags?post=11656"}],"curies":[{"name":"wp","href":"https:\/\/api.w.org\/{rel}","templated":true}]}}