{"id":11651,"date":"2024-12-20T11:38:40","date_gmt":"2024-12-20T14:38:40","guid":{"rendered":"https:\/\/cidadebaixaonline.com.br\/?p=11651"},"modified":"2024-12-20T11:39:52","modified_gmt":"2024-12-20T14:39:52","slug":"operacao-forca-total-prende-43-pessoas-em-flagrante-e-localiza-18-foragidos-da-justica-no-estado","status":"publish","type":"post","link":"https:\/\/cidadebaixaonline.com.br\/index.php\/2024\/12\/20\/operacao-forca-total-prende-43-pessoas-em-flagrante-e-localiza-18-foragidos-da-justica-no-estado\/","title":{"rendered":"Opera\u00e7\u00e3o For\u00e7a Total prende 43 pessoas em flagrante e localiza 18 foragidos da justi\u00e7a no estado"},"content":{"rendered":"\n<p>A Opera\u00e7\u00e3o For\u00e7a Total, na \u00faltima quinta-feira (19), resultou na&nbsp;pris\u00e3o de 43 pessoas em flagrante, na&nbsp;localiza\u00e7\u00e3o de&nbsp;18 foragidos da justi\u00e7a e na apreens\u00e3o de 15 armas de fogo,&nbsp;de acordo com informa\u00e7\u00f5es divulgadas pela Pol\u00edcia Militar&nbsp;nesta sexta-feira (20).<\/p>\n\n\n\n<p>&nbsp;A iniciativa, que tamb\u00e9m&nbsp;recuperou 20 ve\u00edculos com restri\u00e7\u00e3o,&nbsp;foi empreendida com o refor\u00e7o na seguran\u00e7a em \u00e1reas estrat\u00e9gicas do estado, com o policiamento ampliado em pontos de com\u00e9rcio, rodovias e vias movimentadas, monitorando o aumento da circula\u00e7\u00e3o de pessoas durante as festas de fim de ano.<\/p>\n\n\n\n<p>O comandante-geral, coronel Paulo Coutinho, destacou os esfor\u00e7os empregados pela Pol\u00edcia Militar na opera\u00e7\u00e3o. \u201cO trabalho incans\u00e1vel da nossa tropa fortalece a seguran\u00e7a p\u00fablica e reafirma nosso compromisso com a tranquilidade da sociedade baiana.\u201d<\/p>\n\n\n\n<p>Fonte: Bahia Not\u00edcias<\/p>\n\n\n\n<p><\/p>\n","protected":false},"excerpt":{"rendered":"<p>A Opera\u00e7\u00e3o For\u00e7a Total, na \u00faltima quinta-feira (19), resultou na&nbsp;pris\u00e3o de 43 pessoas em flagrante, na&nbsp;localiza\u00e7\u00e3o de&nbsp;18 foragidos da justi\u00e7a e na apreens\u00e3o de 15 armas de fogo,&nbsp;de acordo com informa\u00e7\u00f5es divulgadas pela Pol\u00edcia Militar&nbsp;nesta sexta-feira (20). &nbsp;A iniciativa, que tamb\u00e9m&nbsp;recuperou 20 ve\u00edculos com restri\u00e7\u00e3o,&nbsp;foi empreendida com o refor\u00e7o na seguran\u00e7a em \u00e1reas estrat\u00e9gicas do [&hellip;]<\/p>\n","protected":false},"author":2,"featured_media":11652,"comment_status":"open","ping_status":"open","sticky":false,"template":"","format":"standard","meta":{"jnews-multi-image_gallery":[],"jnews_single_post":{"subtitle":"","format":"standard","video":"","gallery":"","source_name":"","source_url":"","via_name":"","via_url":"","override_template":"0","override":[{"template":"1","single_blog_custom":"","parallax":"1","fullscreen":"1","layout":"right-sidebar","sidebar":"default-sidebar","second_sidebar":"default-sidebar","sticky_sidebar":"1","share_position":"top","share_float_style":"share-monocrhome","show_share_counter":"0","show_view_counter":"0","show_featured":"1","show_post_meta":"1","show_post_author":"0","show_post_author_image":"1","show_post_date":"1","post_date_format":"default","post_date_format_custom":"Y\/m\/d","show_post_category":"1","show_post_reading_time":"0","post_reading_time_wpm":"300","show_zoom_button":"0","zoom_button_out_step":"2","zoom_button_in_step":"3","show_post_tag":"1","show_prev_next_post":"1","show_popup_post":"1","number_popup_post":"1","show_author_box":"0","show_post_related":"0","show_inline_post_related":"0"}],"override_image_size":"0","image_override":[{"single_post_thumbnail_size":"no-crop","single_post_gallery_size":"crop-715"}],"trending_post":"0","trending_post_position":"meta","trending_post_label":"Trending","sponsored_post":"0","sponsored_post_label":"Sponsored by","sponsored_post_name":"","sponsored_post_url":"","sponsored_post_logo_enable":"0","sponsored_post_logo":"","sponsored_post_desc":"","disable_ad":"0"},"jnews_primary_category":{"id":"","hide":""},"footnotes":""},"categories":[105],"tags":[],"class_list":["post-11651","post","type-post","status-publish","format-standard","has-post-thumbnail","hentry","category-policia"],"_links":{"self":[{"href":"https:\/\/cidadebaixaonline.com.br\/index.php\/wp-json\/wp\/v2\/posts\/11651","targetHints":{"allow":["GET"]}}],"collection":[{"href":"https:\/\/cidadebaixaonline.com.br\/index.php\/wp-json\/wp\/v2\/posts"}],"about":[{"href":"https:\/\/cidadebaixaonline.com.br\/index.php\/wp-json\/wp\/v2\/types\/post"}],"author":[{"embeddable":true,"href":"https:\/\/cidadebaixaonline.com.br\/index.php\/wp-json\/wp\/v2\/users\/2"}],"replies":[{"embeddable":true,"href":"https:\/\/cidadebaixaonline.com.br\/index.php\/wp-json\/wp\/v2\/comments?post=11651"}],"version-history":[{"count":2,"href":"https:\/\/cidadebaixaonline.com.br\/index.php\/wp-json\/wp\/v2\/posts\/11651\/revisions"}],"predecessor-version":[{"id":11654,"href":"https:\/\/cidadebaixaonline.com.br\/index.php\/wp-json\/wp\/v2\/posts\/11651\/revisions\/11654"}],"wp:featuredmedia":[{"embeddable":true,"href":"https:\/\/cidadebaixaonline.com.br\/index.php\/wp-json\/wp\/v2\/media\/11652"}],"wp:attachment":[{"href":"https:\/\/cidadebaixaonline.com.br\/index.php\/wp-json\/wp\/v2\/media?parent=11651"}],"wp:term":[{"taxonomy":"category","embeddable":true,"href":"https:\/\/cidadebaixaonline.com.br\/index.php\/wp-json\/wp\/v2\/categories?post=11651"},{"taxonomy":"post_tag","embeddable":true,"href":"https:\/\/cidadebaixaonline.com.br\/index.php\/wp-json\/wp\/v2\/tags?post=11651"}],"curies":[{"name":"wp","href":"https:\/\/api.w.org\/{rel}","templated":true}]}}