{"id":11253,"date":"2024-11-11T11:01:32","date_gmt":"2024-11-11T14:01:32","guid":{"rendered":"https:\/\/cidadebaixaonline.com.br\/?p=11253"},"modified":"2024-11-11T11:01:33","modified_gmt":"2024-11-11T14:01:33","slug":"lider-espiritual-e-preso-por-suspeita-de-abuso-em-salvador","status":"publish","type":"post","link":"https:\/\/cidadebaixaonline.com.br\/index.php\/2024\/11\/11\/lider-espiritual-e-preso-por-suspeita-de-abuso-em-salvador\/","title":{"rendered":"L\u00edder espiritual \u00e9 preso por suspeita de abuso em Salvador"},"content":{"rendered":"\n<p>Um l\u00edder espiritual foi preso no bairro da Pituba no \u00faltimo s\u00e1bado (9) ap\u00f3s tr\u00eas pessoas o denunciarem por crimes sexuais. As informa\u00e7\u00f5es s\u00e3o da Pol\u00edcia Civil.<\/p>\n\n\n\n<p>As investiga\u00e7\u00f5es apontam que o homem teria aproveitado os momentos de vulnerabilidade das v\u00edtimas para cometer o abuso. A 4\u00aa Vara de Viol\u00eancia Dom\u00e9stica e Familiar Contra a Mulher de Salvador expediu o mandado de pris\u00e3o e equipes do Departamento de Prote\u00e7\u00e3o \u00e0 Mulher, Cidadania e Pessoas Vulner\u00e1veis (DPMCV) da Pol\u00edcia Civil cumpriram a ordem.<\/p>\n\n\n\n<p>Al\u00e9m disso, participaram da pris\u00e3o equipes das Delegacias Especial de Atendimento \u00e0 Mulher (Deams\/ Casa da Mulher), Atendimento ao Idoso (Deati) e da Especializada de Repress\u00e3o a Crimes Contra a Crian\u00e7a e o Adolescente (Dercca).<\/p>\n\n\n\n<p>Fonte: Varela Net <\/p>\n","protected":false},"excerpt":{"rendered":"<p>Um l\u00edder espiritual foi preso no bairro da Pituba no \u00faltimo s\u00e1bado (9) ap\u00f3s tr\u00eas pessoas o denunciarem por crimes sexuais. As informa\u00e7\u00f5es s\u00e3o da Pol\u00edcia Civil. As investiga\u00e7\u00f5es apontam que o homem teria aproveitado os momentos de vulnerabilidade das v\u00edtimas para cometer o abuso. A 4\u00aa Vara de Viol\u00eancia Dom\u00e9stica e Familiar Contra a [&hellip;]<\/p>\n","protected":false},"author":2,"featured_media":11254,"comment_status":"open","ping_status":"open","sticky":false,"template":"","format":"standard","meta":{"jnews-multi-image_gallery":[],"jnews_single_post":{"subtitle":"","format":"standard","video":"","gallery":"","source_name":"","source_url":"","via_name":"","via_url":"","override_template":"0","override":[{"template":"1","single_blog_custom":"","parallax":"1","fullscreen":"1","layout":"right-sidebar","sidebar":"default-sidebar","second_sidebar":"default-sidebar","sticky_sidebar":"1","share_position":"top","share_float_style":"share-monocrhome","show_share_counter":"0","show_view_counter":"0","show_featured":"1","show_post_meta":"1","show_post_author":"0","show_post_author_image":"1","show_post_date":"1","post_date_format":"default","post_date_format_custom":"Y\/m\/d","show_post_category":"1","show_post_reading_time":"0","post_reading_time_wpm":"300","show_zoom_button":"0","zoom_button_out_step":"2","zoom_button_in_step":"3","show_post_tag":"1","show_prev_next_post":"1","show_popup_post":"1","number_popup_post":"1","show_author_box":"0","show_post_related":"0","show_inline_post_related":"0"}],"override_image_size":"0","image_override":[{"single_post_thumbnail_size":"no-crop","single_post_gallery_size":"crop-715"}],"trending_post":"0","trending_post_position":"meta","trending_post_label":"Trending","sponsored_post":"0","sponsored_post_label":"Sponsored by","sponsored_post_name":"","sponsored_post_url":"","sponsored_post_logo_enable":"0","sponsored_post_logo":"","sponsored_post_desc":"","disable_ad":"0"},"jnews_primary_category":{"id":"","hide":""},"footnotes":""},"categories":[105],"tags":[],"class_list":["post-11253","post","type-post","status-publish","format-standard","has-post-thumbnail","hentry","category-policia"],"_links":{"self":[{"href":"https:\/\/cidadebaixaonline.com.br\/index.php\/wp-json\/wp\/v2\/posts\/11253","targetHints":{"allow":["GET"]}}],"collection":[{"href":"https:\/\/cidadebaixaonline.com.br\/index.php\/wp-json\/wp\/v2\/posts"}],"about":[{"href":"https:\/\/cidadebaixaonline.com.br\/index.php\/wp-json\/wp\/v2\/types\/post"}],"author":[{"embeddable":true,"href":"https:\/\/cidadebaixaonline.com.br\/index.php\/wp-json\/wp\/v2\/users\/2"}],"replies":[{"embeddable":true,"href":"https:\/\/cidadebaixaonline.com.br\/index.php\/wp-json\/wp\/v2\/comments?post=11253"}],"version-history":[{"count":1,"href":"https:\/\/cidadebaixaonline.com.br\/index.php\/wp-json\/wp\/v2\/posts\/11253\/revisions"}],"predecessor-version":[{"id":11255,"href":"https:\/\/cidadebaixaonline.com.br\/index.php\/wp-json\/wp\/v2\/posts\/11253\/revisions\/11255"}],"wp:featuredmedia":[{"embeddable":true,"href":"https:\/\/cidadebaixaonline.com.br\/index.php\/wp-json\/wp\/v2\/media\/11254"}],"wp:attachment":[{"href":"https:\/\/cidadebaixaonline.com.br\/index.php\/wp-json\/wp\/v2\/media?parent=11253"}],"wp:term":[{"taxonomy":"category","embeddable":true,"href":"https:\/\/cidadebaixaonline.com.br\/index.php\/wp-json\/wp\/v2\/categories?post=11253"},{"taxonomy":"post_tag","embeddable":true,"href":"https:\/\/cidadebaixaonline.com.br\/index.php\/wp-json\/wp\/v2\/tags?post=11253"}],"curies":[{"name":"wp","href":"https:\/\/api.w.org\/{rel}","templated":true}]}}