{"id":11179,"date":"2024-10-31T14:56:23","date_gmt":"2024-10-31T17:56:23","guid":{"rendered":"https:\/\/cidadebaixaonline.com.br\/?p=11179"},"modified":"2024-10-31T14:56:25","modified_gmt":"2024-10-31T17:56:25","slug":"vini-jr-posta-foto-fofa-e-se-declara-a-affair-muito-amor","status":"publish","type":"post","link":"https:\/\/cidadebaixaonline.com.br\/index.php\/2024\/10\/31\/vini-jr-posta-foto-fofa-e-se-declara-a-affair-muito-amor\/","title":{"rendered":"Vini Jr. posta foto fofa e se declara \u00e0 affair: &#8220;Muito amor&#8221;"},"content":{"rendered":"\n<p>Ap\u00f3s as pol\u00eamicas envolvendo a premia\u00e7\u00e3o da\u00a0Bola de Ouro,\u00a0na qual acabou n\u00e3o vencendo, o brasileiro\u00a0Vinicius Jr. publicou uma foto nas redes sociais felicitando a influenciadora Maju Mazalli, reacendendo os rumores de um poss\u00edvel relacionamento. Esta n\u00e3o \u00e9 a primeira vez que o casal aparece em p\u00fablico, tendo em vista que j\u00e1 viveram um romance no passado.<\/p>\n\n\n\n<p>Nesta quarta-feira, 30, a criadora de conte\u00fado de beleza completou 29 anos, o que gerou um post foto nas redes sociais do camisa 7 do Real Madrid. \u201cFeliz diaaaaa!!!! Sa\u00fade, felicidades e muito amor @majumazalli\u201d, escreveu Vini, que completou a legenda com quatro cora\u00e7\u00f5es. <\/p>\n\n\n\n<p>Na foto publicada, \u00e9 poss\u00edvel ver Maju Mazalli colorindo um desenho com uma crian\u00e7a da fam\u00edlia de Vini Jr, o que s\u00f3 refor\u00e7a o envolvimento entre eles. Em junho deste ano, a influenciadora viajou \u00e0 Inglaterra para assistir a final da Liga dos Campe\u00f5es entre Real Madrid e Borussia Dortmund. Depois, passou as f\u00e9rias em Madri, cidade onde mora o jogador.<\/p>\n\n\n\n<p>Vale lembrar que, em 2019, no seu primeiro ano no Real Madrid, o jogador manteve um relacionamento da dist\u00e2ncia com a influenciadora. Por motivos n\u00e3o revelados, o envolvimento acabou pouco tempo depois.<\/p>\n\n\n\n<p><strong>Confira:<\/strong><\/p>\n\n\n\n<figure class=\"wp-block-image size-large\"><img loading=\"lazy\" decoding=\"async\" width=\"576\" height=\"1024\" src=\"https:\/\/cidadebaixaonline.com.br\/wp-content\/uploads\/2024\/10\/image-576x1024.png\" alt=\"\" class=\"wp-image-11181\" srcset=\"https:\/\/cidadebaixaonline.com.br\/wp-content\/uploads\/2024\/10\/image-576x1024.png 576w, https:\/\/cidadebaixaonline.com.br\/wp-content\/uploads\/2024\/10\/image-169x300.png 169w, https:\/\/cidadebaixaonline.com.br\/wp-content\/uploads\/2024\/10\/image.png 724w\" sizes=\"auto, (max-width: 576px) 100vw, 576px\" \/><\/figure>\n\n\n\n<p>Fonte: A Tarde <\/p>\n","protected":false},"excerpt":{"rendered":"<p>Ap\u00f3s as pol\u00eamicas envolvendo a premia\u00e7\u00e3o da\u00a0Bola de Ouro,\u00a0na qual acabou n\u00e3o vencendo, o brasileiro\u00a0Vinicius Jr. publicou uma foto nas redes sociais felicitando a influenciadora Maju Mazalli, reacendendo os rumores de um poss\u00edvel relacionamento. Esta n\u00e3o \u00e9 a primeira vez que o casal aparece em p\u00fablico, tendo em vista que j\u00e1 viveram um romance no [&hellip;]<\/p>\n","protected":false},"author":2,"featured_media":11180,"comment_status":"open","ping_status":"open","sticky":false,"template":"","format":"standard","meta":{"jnews-multi-image_gallery":[],"jnews_single_post":{"subtitle":"","format":"standard","video":"","gallery":"","source_name":"","source_url":"","via_name":"","via_url":"","override_template":"0","override":[{"template":"1","single_blog_custom":"","parallax":"1","fullscreen":"1","layout":"right-sidebar","sidebar":"default-sidebar","second_sidebar":"default-sidebar","sticky_sidebar":"1","share_position":"top","share_float_style":"share-monocrhome","show_share_counter":"0","show_view_counter":"0","show_featured":"1","show_post_meta":"1","show_post_author":"0","show_post_author_image":"1","show_post_date":"1","post_date_format":"default","post_date_format_custom":"Y\/m\/d","show_post_category":"1","show_post_reading_time":"0","post_reading_time_wpm":"300","show_zoom_button":"0","zoom_button_out_step":"2","zoom_button_in_step":"3","show_post_tag":"1","show_prev_next_post":"1","show_popup_post":"1","number_popup_post":"1","show_author_box":"0","show_post_related":"0","show_inline_post_related":"0"}],"override_image_size":"0","image_override":[{"single_post_thumbnail_size":"no-crop","single_post_gallery_size":"crop-715"}],"trending_post":"0","trending_post_position":"meta","trending_post_label":"Trending","sponsored_post":"0","sponsored_post_label":"Sponsored by","sponsored_post_name":"","sponsored_post_url":"","sponsored_post_logo_enable":"0","sponsored_post_logo":"","sponsored_post_desc":"","disable_ad":"0"},"jnews_primary_category":{"id":"","hide":""},"footnotes":""},"categories":[89],"tags":[],"class_list":["post-11179","post","type-post","status-publish","format-standard","has-post-thumbnail","hentry","category-esportes"],"_links":{"self":[{"href":"https:\/\/cidadebaixaonline.com.br\/index.php\/wp-json\/wp\/v2\/posts\/11179","targetHints":{"allow":["GET"]}}],"collection":[{"href":"https:\/\/cidadebaixaonline.com.br\/index.php\/wp-json\/wp\/v2\/posts"}],"about":[{"href":"https:\/\/cidadebaixaonline.com.br\/index.php\/wp-json\/wp\/v2\/types\/post"}],"author":[{"embeddable":true,"href":"https:\/\/cidadebaixaonline.com.br\/index.php\/wp-json\/wp\/v2\/users\/2"}],"replies":[{"embeddable":true,"href":"https:\/\/cidadebaixaonline.com.br\/index.php\/wp-json\/wp\/v2\/comments?post=11179"}],"version-history":[{"count":1,"href":"https:\/\/cidadebaixaonline.com.br\/index.php\/wp-json\/wp\/v2\/posts\/11179\/revisions"}],"predecessor-version":[{"id":11182,"href":"https:\/\/cidadebaixaonline.com.br\/index.php\/wp-json\/wp\/v2\/posts\/11179\/revisions\/11182"}],"wp:featuredmedia":[{"embeddable":true,"href":"https:\/\/cidadebaixaonline.com.br\/index.php\/wp-json\/wp\/v2\/media\/11180"}],"wp:attachment":[{"href":"https:\/\/cidadebaixaonline.com.br\/index.php\/wp-json\/wp\/v2\/media?parent=11179"}],"wp:term":[{"taxonomy":"category","embeddable":true,"href":"https:\/\/cidadebaixaonline.com.br\/index.php\/wp-json\/wp\/v2\/categories?post=11179"},{"taxonomy":"post_tag","embeddable":true,"href":"https:\/\/cidadebaixaonline.com.br\/index.php\/wp-json\/wp\/v2\/tags?post=11179"}],"curies":[{"name":"wp","href":"https:\/\/api.w.org\/{rel}","templated":true}]}}