{"id":10992,"date":"2024-10-05T11:02:17","date_gmt":"2024-10-05T14:02:17","guid":{"rendered":"https:\/\/cidadebaixaonline.com.br\/?p=10992"},"modified":"2024-10-05T11:02:18","modified_gmt":"2024-10-05T14:02:18","slug":"craque-do-galo-e-cortado-de-jogo-contra-o-vitoria-por-lesao-saiba-quem","status":"publish","type":"post","link":"https:\/\/cidadebaixaonline.com.br\/index.php\/2024\/10\/05\/craque-do-galo-e-cortado-de-jogo-contra-o-vitoria-por-lesao-saiba-quem\/","title":{"rendered":"Craque do galo \u00e9 cortado de jogo contra o Vit\u00f3ria por les\u00e3o; saiba quem"},"content":{"rendered":"\n<p>Pr\u00f3ximo advers\u00e1rio do Vit\u00f3ria no Brasileir\u00e3o, o&nbsp;Atl\u00e9tico-MG confirmou na \u00faltima&nbsp;sexta-feira (4) que o lateral-esquerdo Guilherme Arana sofreu uma les\u00e3o muscular na coxa, que s\u00f3 foi confirmada&nbsp;ap\u00f3s exames de imagem.<\/p>\n\n\n\n<p>O jogador preocupou a equipe m\u00e9dica e a comiss\u00e3o t\u00e9cnica ao sair de campo aos 10 minutos do segundo tempo, durante a vit\u00f3ria contra o Vasco, na \u00faltima quarta-feira (2), pela Copa do Brasil&nbsp;depois de se queixar de&nbsp;dores na regi\u00e3o. Com a les\u00e3o confirmada, Arana n\u00e3o jogar\u00e1 a pr\u00f3xima partida do Atl\u00e9tico-MG contra o Vit\u00f3ria, pelo Campeonato Brasileiro, neste s\u00e1bado (5). Al\u00e9m disso, o lateral foi cortado da convoca\u00e7\u00e3o da Sele\u00e7\u00e3o Brasileira e n\u00e3o participar\u00e1 das duas pr\u00f3ximas rodadas das Eliminat\u00f3rias da Copa do Mundo.<\/p>\n\n\n\n<p>Na partida contra o Vasco, Arana foi um dos destaques do galo, marcando um gol e dando uma assist\u00eancia que garantiram a virada do Galo. Na sa\u00edda de campo, ele tentou tranquilizar os torcedores, afirmando que sentiu o m\u00fasculo adutor &#8220;um pouco pesado&#8221; e preferiu n\u00e3o for\u00e7ar, garantindo que a situa\u00e7\u00e3o &#8220;n\u00e3o era grave&#8221;. No entanto, o diagn\u00f3stico confirmou a necessidade de um afastamento para tratamento.<\/p>\n\n\n\n<p>Fonte: Varela Net <\/p>\n","protected":false},"excerpt":{"rendered":"<p>Pr\u00f3ximo advers\u00e1rio do Vit\u00f3ria no Brasileir\u00e3o, o&nbsp;Atl\u00e9tico-MG confirmou na \u00faltima&nbsp;sexta-feira (4) que o lateral-esquerdo Guilherme Arana sofreu uma les\u00e3o muscular na coxa, que s\u00f3 foi confirmada&nbsp;ap\u00f3s exames de imagem. O jogador preocupou a equipe m\u00e9dica e a comiss\u00e3o t\u00e9cnica ao sair de campo aos 10 minutos do segundo tempo, durante a vit\u00f3ria contra o Vasco, [&hellip;]<\/p>\n","protected":false},"author":2,"featured_media":10993,"comment_status":"open","ping_status":"open","sticky":false,"template":"","format":"standard","meta":{"jnews-multi-image_gallery":[],"jnews_single_post":{"subtitle":"","format":"standard","video":"","gallery":"","source_name":"","source_url":"","via_name":"","via_url":"","override_template":"0","override":[{"template":"1","single_blog_custom":"","parallax":"1","fullscreen":"1","layout":"right-sidebar","sidebar":"default-sidebar","second_sidebar":"default-sidebar","sticky_sidebar":"1","share_position":"top","share_float_style":"share-monocrhome","show_share_counter":"0","show_view_counter":"0","show_featured":"1","show_post_meta":"1","show_post_author":"0","show_post_author_image":"1","show_post_date":"1","post_date_format":"default","post_date_format_custom":"Y\/m\/d","show_post_category":"1","show_post_reading_time":"0","post_reading_time_wpm":"300","show_zoom_button":"0","zoom_button_out_step":"2","zoom_button_in_step":"3","show_post_tag":"1","show_prev_next_post":"1","show_popup_post":"1","number_popup_post":"1","show_author_box":"0","show_post_related":"0","show_inline_post_related":"0"}],"override_image_size":"0","image_override":[{"single_post_thumbnail_size":"no-crop","single_post_gallery_size":"crop-715"}],"trending_post":"0","trending_post_position":"meta","trending_post_label":"Trending","sponsored_post":"0","sponsored_post_label":"Sponsored by","sponsored_post_name":"","sponsored_post_url":"","sponsored_post_logo_enable":"0","sponsored_post_logo":"","sponsored_post_desc":"","disable_ad":"0"},"jnews_primary_category":{"id":"","hide":""},"footnotes":""},"categories":[89],"tags":[],"class_list":["post-10992","post","type-post","status-publish","format-standard","has-post-thumbnail","hentry","category-esportes"],"_links":{"self":[{"href":"https:\/\/cidadebaixaonline.com.br\/index.php\/wp-json\/wp\/v2\/posts\/10992","targetHints":{"allow":["GET"]}}],"collection":[{"href":"https:\/\/cidadebaixaonline.com.br\/index.php\/wp-json\/wp\/v2\/posts"}],"about":[{"href":"https:\/\/cidadebaixaonline.com.br\/index.php\/wp-json\/wp\/v2\/types\/post"}],"author":[{"embeddable":true,"href":"https:\/\/cidadebaixaonline.com.br\/index.php\/wp-json\/wp\/v2\/users\/2"}],"replies":[{"embeddable":true,"href":"https:\/\/cidadebaixaonline.com.br\/index.php\/wp-json\/wp\/v2\/comments?post=10992"}],"version-history":[{"count":1,"href":"https:\/\/cidadebaixaonline.com.br\/index.php\/wp-json\/wp\/v2\/posts\/10992\/revisions"}],"predecessor-version":[{"id":10994,"href":"https:\/\/cidadebaixaonline.com.br\/index.php\/wp-json\/wp\/v2\/posts\/10992\/revisions\/10994"}],"wp:featuredmedia":[{"embeddable":true,"href":"https:\/\/cidadebaixaonline.com.br\/index.php\/wp-json\/wp\/v2\/media\/10993"}],"wp:attachment":[{"href":"https:\/\/cidadebaixaonline.com.br\/index.php\/wp-json\/wp\/v2\/media?parent=10992"}],"wp:term":[{"taxonomy":"category","embeddable":true,"href":"https:\/\/cidadebaixaonline.com.br\/index.php\/wp-json\/wp\/v2\/categories?post=10992"},{"taxonomy":"post_tag","embeddable":true,"href":"https:\/\/cidadebaixaonline.com.br\/index.php\/wp-json\/wp\/v2\/tags?post=10992"}],"curies":[{"name":"wp","href":"https:\/\/api.w.org\/{rel}","templated":true}]}}