{"id":10985,"date":"2024-10-03T11:02:34","date_gmt":"2024-10-03T14:02:34","guid":{"rendered":"https:\/\/cidadebaixaonline.com.br\/?p=10985"},"modified":"2024-10-03T11:02:36","modified_gmt":"2024-10-03T14:02:36","slug":"onibus-param-de-circular-na-regiao-de-tancredo-neves-nesta-quinta-3","status":"publish","type":"post","link":"https:\/\/cidadebaixaonline.com.br\/index.php\/2024\/10\/03\/onibus-param-de-circular-na-regiao-de-tancredo-neves-nesta-quinta-3\/","title":{"rendered":"\u00d4nibus param de circular na regi\u00e3o de Tancredo Neves nesta quinta (3)"},"content":{"rendered":"\n<p>Ap\u00f3s um tiroteio ocorrido no bairro na noite desta quarta-feira (2), o transporte p\u00fablico foi suspenso na manh\u00e3 de quinta-feira (3) nas localidades do Cabula e de Tancredo Neves. Durante a a\u00e7\u00e3o, um dos suspeitos tentou fugir pelo Campus da UNEB \u2013 Cabula, que decidiu cancelar aulas e atividades administrativas para garantir a seguran\u00e7a de alunos e funcion\u00e1rios.<\/p>\n\n\n\n<p>Em comunicado, a Secretaria de Mobilidade (Semob) informou que a interrup\u00e7\u00e3o do transporte aconteceu ap\u00f3s o in\u00edcio de uma opera\u00e7\u00e3o policial nas imedia\u00e7\u00f5es do ponto final da linha, por volta das 18h30 de quarta-feira (2). As linhas de \u00f4nibus continuaram a operar apenas at\u00e9 a Rua Para\u00edba, nas proximidades da Padaria do Edy.<\/p>\n\n\n\n<p>Agentes da Semob e representantes da Integra est\u00e3o monitorando a circula\u00e7\u00e3o dos \u00f4nibus e orientando os motoristas. O servi\u00e7o de transporte ser\u00e1 retomado em Tancredo Neves assim que as condi\u00e7\u00f5es de seguran\u00e7a forem favor\u00e1veis.<\/p>\n\n\n\n<p>Fonte: Varela Net <\/p>\n","protected":false},"excerpt":{"rendered":"<p>Ap\u00f3s um tiroteio ocorrido no bairro na noite desta quarta-feira (2), o transporte p\u00fablico foi suspenso na manh\u00e3 de quinta-feira (3) nas localidades do Cabula e de Tancredo Neves. Durante a a\u00e7\u00e3o, um dos suspeitos tentou fugir pelo Campus da UNEB \u2013 Cabula, que decidiu cancelar aulas e atividades administrativas para garantir a seguran\u00e7a de [&hellip;]<\/p>\n","protected":false},"author":2,"featured_media":10986,"comment_status":"open","ping_status":"open","sticky":false,"template":"","format":"standard","meta":{"jnews-multi-image_gallery":[],"jnews_single_post":{"subtitle":"","format":"standard","video":"","gallery":"","source_name":"","source_url":"","via_name":"","via_url":"","override_template":"0","override":[{"template":"1","single_blog_custom":"","parallax":"1","fullscreen":"1","layout":"right-sidebar","sidebar":"default-sidebar","second_sidebar":"default-sidebar","sticky_sidebar":"1","share_position":"top","share_float_style":"share-monocrhome","show_share_counter":"0","show_view_counter":"0","show_featured":"1","show_post_meta":"1","show_post_author":"0","show_post_author_image":"1","show_post_date":"1","post_date_format":"default","post_date_format_custom":"Y\/m\/d","show_post_category":"1","show_post_reading_time":"0","post_reading_time_wpm":"300","show_zoom_button":"0","zoom_button_out_step":"2","zoom_button_in_step":"3","show_post_tag":"1","show_prev_next_post":"1","show_popup_post":"1","number_popup_post":"1","show_author_box":"0","show_post_related":"0","show_inline_post_related":"0"}],"override_image_size":"0","image_override":[{"single_post_thumbnail_size":"no-crop","single_post_gallery_size":"crop-715"}],"trending_post":"0","trending_post_position":"meta","trending_post_label":"Trending","sponsored_post":"0","sponsored_post_label":"Sponsored by","sponsored_post_name":"","sponsored_post_url":"","sponsored_post_logo_enable":"0","sponsored_post_logo":"","sponsored_post_desc":"","disable_ad":"0"},"jnews_primary_category":{"id":"","hide":""},"footnotes":""},"categories":[85],"tags":[],"class_list":["post-10985","post","type-post","status-publish","format-standard","has-post-thumbnail","hentry","category-noticias"],"_links":{"self":[{"href":"https:\/\/cidadebaixaonline.com.br\/index.php\/wp-json\/wp\/v2\/posts\/10985","targetHints":{"allow":["GET"]}}],"collection":[{"href":"https:\/\/cidadebaixaonline.com.br\/index.php\/wp-json\/wp\/v2\/posts"}],"about":[{"href":"https:\/\/cidadebaixaonline.com.br\/index.php\/wp-json\/wp\/v2\/types\/post"}],"author":[{"embeddable":true,"href":"https:\/\/cidadebaixaonline.com.br\/index.php\/wp-json\/wp\/v2\/users\/2"}],"replies":[{"embeddable":true,"href":"https:\/\/cidadebaixaonline.com.br\/index.php\/wp-json\/wp\/v2\/comments?post=10985"}],"version-history":[{"count":1,"href":"https:\/\/cidadebaixaonline.com.br\/index.php\/wp-json\/wp\/v2\/posts\/10985\/revisions"}],"predecessor-version":[{"id":10987,"href":"https:\/\/cidadebaixaonline.com.br\/index.php\/wp-json\/wp\/v2\/posts\/10985\/revisions\/10987"}],"wp:featuredmedia":[{"embeddable":true,"href":"https:\/\/cidadebaixaonline.com.br\/index.php\/wp-json\/wp\/v2\/media\/10986"}],"wp:attachment":[{"href":"https:\/\/cidadebaixaonline.com.br\/index.php\/wp-json\/wp\/v2\/media?parent=10985"}],"wp:term":[{"taxonomy":"category","embeddable":true,"href":"https:\/\/cidadebaixaonline.com.br\/index.php\/wp-json\/wp\/v2\/categories?post=10985"},{"taxonomy":"post_tag","embeddable":true,"href":"https:\/\/cidadebaixaonline.com.br\/index.php\/wp-json\/wp\/v2\/tags?post=10985"}],"curies":[{"name":"wp","href":"https:\/\/api.w.org\/{rel}","templated":true}]}}