{"id":10391,"date":"2024-07-18T15:06:46","date_gmt":"2024-07-18T18:06:46","guid":{"rendered":"https:\/\/cidadebaixaonline.com.br\/?p=10391"},"modified":"2024-07-18T15:06:47","modified_gmt":"2024-07-18T18:06:47","slug":"justica-decreta-prisao-de-renato-duque-ex-diretor-da-petrobras","status":"publish","type":"post","link":"https:\/\/cidadebaixaonline.com.br\/index.php\/2024\/07\/18\/justica-decreta-prisao-de-renato-duque-ex-diretor-da-petrobras\/","title":{"rendered":"Justi\u00e7a decreta pris\u00e3o de Renato Duque, ex-diretor da Petrobras"},"content":{"rendered":"\n<p>A Justi\u00e7a Federal de Curitiba decretou a pris\u00e3o do ex-diretor de Servi\u00e7os da Petrobras Renato Duque na manh\u00e3 desta quinta-feira (18). Segundo documento expedido pelo juiz respons\u00e1vel pelo caso, Duque deve ser preso para o cumprimento da pena em regime fechado por 98 anos.<\/p>\n\n\n\n<p>Em 2015, o ex-diretor foi preso para cumprimento de pena, ap\u00f3s ter sido julgado durante as investiga\u00e7\u00f5es da Opera\u00e7\u00e3o Lava Jato. Em mar\u00e7o de 2020, colocou uma tornozeleira eletr\u00f4nica e deixou a pris\u00e3o no Paran\u00e1 rumo ao Rio de Janeiro.<\/p>\n\n\n\n<p>A primeira pena, de 2015, promulgada durante a 10\u00aa fase da Opera\u00e7\u00e3o, foi de 20 anos e 8 meses por associa\u00e7\u00e3o criminosa. Menos de um ano epois, ele foi novamente condenado, desta vez por corrup\u00e7\u00e3o passiva e lavagem de direito, com uma pena de 20 anos e 3 meses, durante a 14\u00aa da mesma opera\u00e7\u00e3o.<\/p>\n\n\n\n<p>O ent\u00e3o juiz respons\u00e1vel pelo caso, Sergio Moro, afirmou que houve pagamento de propina a funcion\u00e1rios da petrol\u00edfera, com destina\u00e7\u00e3o de recursos para financiamento pol\u00edtico.<\/p>\n\n\n\n<p>Entre maio de 2016 e abril de 2021, Renato foi condenado mais nove vezes por corrup\u00e7\u00e3o, com penas que variam entre 2 e 10 anos. O total das condena\u00e7\u00f5es somadas resulta em 98 anos de pena.<\/p>\n\n\n\n<p>Fonte: Bahia Not\u00edcias <\/p>\n","protected":false},"excerpt":{"rendered":"<p>A Justi\u00e7a Federal de Curitiba decretou a pris\u00e3o do ex-diretor de Servi\u00e7os da Petrobras Renato Duque na manh\u00e3 desta quinta-feira (18). Segundo documento expedido pelo juiz respons\u00e1vel pelo caso, Duque deve ser preso para o cumprimento da pena em regime fechado por 98 anos. Em 2015, o ex-diretor foi preso para cumprimento de pena, ap\u00f3s [&hellip;]<\/p>\n","protected":false},"author":2,"featured_media":10392,"comment_status":"open","ping_status":"open","sticky":false,"template":"","format":"standard","meta":{"jnews-multi-image_gallery":[],"jnews_single_post":{"subtitle":"","format":"standard","video":"","gallery":"","source_name":"","source_url":"","via_name":"","via_url":"","override_template":"0","override":[{"template":"1","single_blog_custom":"","parallax":"1","fullscreen":"1","layout":"right-sidebar","sidebar":"default-sidebar","second_sidebar":"default-sidebar","sticky_sidebar":"1","share_position":"top","share_float_style":"share-monocrhome","show_share_counter":"0","show_view_counter":"0","show_featured":"1","show_post_meta":"1","show_post_author":"0","show_post_author_image":"1","show_post_date":"1","post_date_format":"default","post_date_format_custom":"Y\/m\/d","show_post_category":"1","show_post_reading_time":"0","post_reading_time_wpm":"300","show_zoom_button":"0","zoom_button_out_step":"2","zoom_button_in_step":"3","show_post_tag":"1","show_prev_next_post":"1","show_popup_post":"1","number_popup_post":"1","show_author_box":"0","show_post_related":"0","show_inline_post_related":"0"}],"override_image_size":"0","image_override":[{"single_post_thumbnail_size":"no-crop","single_post_gallery_size":"crop-715"}],"trending_post":"0","trending_post_position":"meta","trending_post_label":"Trending","sponsored_post":"0","sponsored_post_label":"Sponsored by","sponsored_post_name":"","sponsored_post_url":"","sponsored_post_logo_enable":"0","sponsored_post_logo":"","sponsored_post_desc":"","disable_ad":"0"},"jnews_primary_category":{"id":"","hide":""},"footnotes":""},"categories":[107],"tags":[],"class_list":["post-10391","post","type-post","status-publish","format-standard","has-post-thumbnail","hentry","category-justica"],"_links":{"self":[{"href":"https:\/\/cidadebaixaonline.com.br\/index.php\/wp-json\/wp\/v2\/posts\/10391","targetHints":{"allow":["GET"]}}],"collection":[{"href":"https:\/\/cidadebaixaonline.com.br\/index.php\/wp-json\/wp\/v2\/posts"}],"about":[{"href":"https:\/\/cidadebaixaonline.com.br\/index.php\/wp-json\/wp\/v2\/types\/post"}],"author":[{"embeddable":true,"href":"https:\/\/cidadebaixaonline.com.br\/index.php\/wp-json\/wp\/v2\/users\/2"}],"replies":[{"embeddable":true,"href":"https:\/\/cidadebaixaonline.com.br\/index.php\/wp-json\/wp\/v2\/comments?post=10391"}],"version-history":[{"count":1,"href":"https:\/\/cidadebaixaonline.com.br\/index.php\/wp-json\/wp\/v2\/posts\/10391\/revisions"}],"predecessor-version":[{"id":10393,"href":"https:\/\/cidadebaixaonline.com.br\/index.php\/wp-json\/wp\/v2\/posts\/10391\/revisions\/10393"}],"wp:featuredmedia":[{"embeddable":true,"href":"https:\/\/cidadebaixaonline.com.br\/index.php\/wp-json\/wp\/v2\/media\/10392"}],"wp:attachment":[{"href":"https:\/\/cidadebaixaonline.com.br\/index.php\/wp-json\/wp\/v2\/media?parent=10391"}],"wp:term":[{"taxonomy":"category","embeddable":true,"href":"https:\/\/cidadebaixaonline.com.br\/index.php\/wp-json\/wp\/v2\/categories?post=10391"},{"taxonomy":"post_tag","embeddable":true,"href":"https:\/\/cidadebaixaonline.com.br\/index.php\/wp-json\/wp\/v2\/tags?post=10391"}],"curies":[{"name":"wp","href":"https:\/\/api.w.org\/{rel}","templated":true}]}}