{"id":10388,"date":"2024-07-18T15:05:14","date_gmt":"2024-07-18T18:05:14","guid":{"rendered":"https:\/\/cidadebaixaonline.com.br\/?p=10388"},"modified":"2024-07-18T15:05:16","modified_gmt":"2024-07-18T18:05:16","slug":"jequie-tem-policia-que-mais-mata-no-pais-bahia-tem-6-cidades-entre-10-com-maior-letalidade-em-acoes-aponta-anuario","status":"publish","type":"post","link":"https:\/\/cidadebaixaonline.com.br\/index.php\/2024\/07\/18\/jequie-tem-policia-que-mais-mata-no-pais-bahia-tem-6-cidades-entre-10-com-maior-letalidade-em-acoes-aponta-anuario\/","title":{"rendered":"Jequi\u00e9 tem pol\u00edcia que mais mata no pa\u00eds; Bahia tem 6 cidades entre 10 com maior letalidade em a\u00e7\u00f5es, aponta Anu\u00e1rio"},"content":{"rendered":"\n<p>A cidade de Jequi\u00e9, no M\u00e9dio Rio de Contas, Sudoeste baiano, tem a pol\u00edcia que mais mata no pa\u00eds. Outras quatro cidades est\u00e3o entre as que mais registraram mortes por a\u00e7\u00f5es policiais no pa\u00eds. &nbsp;As informa\u00e7\u00f5es s\u00e3o do Anu\u00e1rio Brasileiro de Seguran\u00e7a P\u00fablica divulgado nesta quinta-feira (18). Os dados s\u00e3o referentes a 2023.<\/p>\n\n\n\n<p>Jequi\u00e9 que j\u00e1 foi considerada a&nbsp;cidade mais violenta&nbsp;do pa\u00eds registrou taxa de mortalidade de opera\u00e7\u00f5es em 46,6 mortes por 100 mil habitantes. Eun\u00e1polis, na Costa do Descobrimento, anotou taxa de 29 por 100 mil, ficando na quarta posi\u00e7\u00e3o.<\/p>\n\n\n\n<p>Sim\u00f5es Filho, na Regi\u00e3o Metropolitana de Salvador (RMS), \u00e9 a s\u00e9tima, com 23,6 por 100 mil; Salvador \u00e9 a oitava com 18,9 por 100 mil, e Lu\u00eds Eduardo Magalh\u00e3es, no Extremo Oeste, fecha o ranking das dez cidades com maior letalidade policial, com 18,5 por 100 mil.<\/p>\n\n\n\n<figure class=\"wp-block-image\"><img decoding=\"async\" src=\"https:\/\/www.bahianoticias.com.br\/fotos\/municipios_noticias\/40365\/mg\/cidades%20violentas.jpg\" alt=\"\"\/><\/figure>\n\n\n\n<p>O Anu\u00e1rio tamb\u00e9m apontou seis cidades entre as mais violentas do pa\u00eds. Cama\u00e7ari, na RMS, \u00e9 a segunda da lista, com taxa de 90,6 por 100 mil habitantes, seguida por Jequi\u00e9, com 84,4 por 100 mil. Sim\u00f5es Filho \u00e9 a quinta com 75,9 &nbsp;por 100 mil, Feira de Santana \u00e9 a sexta com 74,5 por 100 mil; Juazeiro \u00e9 a s\u00e9tima com 74,4 por 100 mil. J\u00e1 Eun\u00e1polis \u00e9 a d\u00e9cima com 70,4 por 100 mil.<\/p>\n\n\n\n<p>Fonte: Bahia Not\u00edcias <\/p>\n","protected":false},"excerpt":{"rendered":"<p>A cidade de Jequi\u00e9, no M\u00e9dio Rio de Contas, Sudoeste baiano, tem a pol\u00edcia que mais mata no pa\u00eds. Outras quatro cidades est\u00e3o entre as que mais registraram mortes por a\u00e7\u00f5es policiais no pa\u00eds. &nbsp;As informa\u00e7\u00f5es s\u00e3o do Anu\u00e1rio Brasileiro de Seguran\u00e7a P\u00fablica divulgado nesta quinta-feira (18). Os dados s\u00e3o referentes a 2023. Jequi\u00e9 que [&hellip;]<\/p>\n","protected":false},"author":2,"featured_media":10389,"comment_status":"open","ping_status":"open","sticky":false,"template":"","format":"standard","meta":{"jnews-multi-image_gallery":[],"jnews_single_post":{"subtitle":"","format":"standard","video":"","gallery":"","source_name":"","source_url":"","via_name":"","via_url":"","override_template":"0","override":[{"template":"1","single_blog_custom":"","parallax":"1","fullscreen":"1","layout":"right-sidebar","sidebar":"default-sidebar","second_sidebar":"default-sidebar","sticky_sidebar":"1","share_position":"top","share_float_style":"share-monocrhome","show_share_counter":"0","show_view_counter":"0","show_featured":"1","show_post_meta":"1","show_post_author":"0","show_post_author_image":"1","show_post_date":"1","post_date_format":"default","post_date_format_custom":"Y\/m\/d","show_post_category":"1","show_post_reading_time":"0","post_reading_time_wpm":"300","show_zoom_button":"0","zoom_button_out_step":"2","zoom_button_in_step":"3","show_post_tag":"1","show_prev_next_post":"1","show_popup_post":"1","number_popup_post":"1","show_author_box":"0","show_post_related":"0","show_inline_post_related":"0"}],"override_image_size":"0","image_override":[{"single_post_thumbnail_size":"no-crop","single_post_gallery_size":"crop-715"}],"trending_post":"0","trending_post_position":"meta","trending_post_label":"Trending","sponsored_post":"0","sponsored_post_label":"Sponsored by","sponsored_post_name":"","sponsored_post_url":"","sponsored_post_logo_enable":"0","sponsored_post_logo":"","sponsored_post_desc":"","disable_ad":"0"},"jnews_primary_category":{"id":"","hide":""},"footnotes":""},"categories":[85],"tags":[],"class_list":["post-10388","post","type-post","status-publish","format-standard","has-post-thumbnail","hentry","category-noticias"],"_links":{"self":[{"href":"https:\/\/cidadebaixaonline.com.br\/index.php\/wp-json\/wp\/v2\/posts\/10388","targetHints":{"allow":["GET"]}}],"collection":[{"href":"https:\/\/cidadebaixaonline.com.br\/index.php\/wp-json\/wp\/v2\/posts"}],"about":[{"href":"https:\/\/cidadebaixaonline.com.br\/index.php\/wp-json\/wp\/v2\/types\/post"}],"author":[{"embeddable":true,"href":"https:\/\/cidadebaixaonline.com.br\/index.php\/wp-json\/wp\/v2\/users\/2"}],"replies":[{"embeddable":true,"href":"https:\/\/cidadebaixaonline.com.br\/index.php\/wp-json\/wp\/v2\/comments?post=10388"}],"version-history":[{"count":1,"href":"https:\/\/cidadebaixaonline.com.br\/index.php\/wp-json\/wp\/v2\/posts\/10388\/revisions"}],"predecessor-version":[{"id":10390,"href":"https:\/\/cidadebaixaonline.com.br\/index.php\/wp-json\/wp\/v2\/posts\/10388\/revisions\/10390"}],"wp:featuredmedia":[{"embeddable":true,"href":"https:\/\/cidadebaixaonline.com.br\/index.php\/wp-json\/wp\/v2\/media\/10389"}],"wp:attachment":[{"href":"https:\/\/cidadebaixaonline.com.br\/index.php\/wp-json\/wp\/v2\/media?parent=10388"}],"wp:term":[{"taxonomy":"category","embeddable":true,"href":"https:\/\/cidadebaixaonline.com.br\/index.php\/wp-json\/wp\/v2\/categories?post=10388"},{"taxonomy":"post_tag","embeddable":true,"href":"https:\/\/cidadebaixaonline.com.br\/index.php\/wp-json\/wp\/v2\/tags?post=10388"}],"curies":[{"name":"wp","href":"https:\/\/api.w.org\/{rel}","templated":true}]}}