{"id":10365,"date":"2024-07-17T15:21:39","date_gmt":"2024-07-17T18:21:39","guid":{"rendered":"https:\/\/cidadebaixaonline.com.br\/?p=10365"},"modified":"2024-07-17T15:21:40","modified_gmt":"2024-07-17T18:21:40","slug":"erro-na-pista-faz-voos-internacionais-para-salvador-serem-cancelados","status":"publish","type":"post","link":"https:\/\/cidadebaixaonline.com.br\/index.php\/2024\/07\/17\/erro-na-pista-faz-voos-internacionais-para-salvador-serem-cancelados\/","title":{"rendered":"Erro na pista faz voos internacionais para Salvador serem cancelados"},"content":{"rendered":"\n<p>Tr\u00eas&nbsp;voos destinados a Salvador&nbsp;foram desviados para outras cidades entre a noite desta ter\u00e7a-feira, 16, e a madrugada desta quarta, 17, devido a um&nbsp;problema na pista do aeroporto soteropolitano. O problema afetou todos os&nbsp;voos internacionais&nbsp;com pouso programado no per\u00edodo.<\/p>\n\n\n\n<p>Foram impactados o&nbsp;TP29, proveniente de Lisboa, e que desviou para Recife; AD4429, da Azul, que tamb\u00e9m retornou para a capital pernambucana; e o AR1220, da Aerol\u00edneas Argentinas, que vinha de Buenos Aires, mas pousou no Rio de Janeiro.<\/p>\n\n\n\n<p>Em nota, a Salvador Bahia Airport explicou que uma instabilidade detectada na ilumina\u00e7\u00e3o da pista principal impactou alguns voos na noite de ontem. O problema foi solucionado no in\u00edcio da madrugada e, desde ent\u00e3o, a pista segue operacional.<\/p>\n\n\n\n<p>Os outros voos nacionais deste per\u00edodo, a exemplo do G31930, da Gol, que vinha de Bras\u00edlia, pousou na pista secund\u00e1ria do aeroporto, normalmente utilizada por aeronaves de menor porte como &#8220;jatinhos&#8221;.<\/p>\n\n\n\n<p>Esta pista auxiliar, entretanto, n\u00e3o tem estrutura para receber aeronaves como o A330-900 da Tap, usado em voos transatl\u00e2nticos.<\/p>\n\n\n\n<p>Esta aeronave que desviara para Recife na madrugada de ter\u00e7a pousou em Salvador por volta das 16h de quarta.<\/p>\n\n\n\n<p>J\u00e1 o TP29 programado para sair de Lisboa nesta quarta, 17, foi cancelado.<\/p>\n\n\n\n<p>J\u00e1 o UX83, voo da Air Europa que conecta Madrid e Salvador, decolou normalmente e tem pouso esperado para \u00e0s 19h. <\/p>\n\n\n\n<p>Fonte: A Tarde <\/p>\n","protected":false},"excerpt":{"rendered":"<p>Tr\u00eas&nbsp;voos destinados a Salvador&nbsp;foram desviados para outras cidades entre a noite desta ter\u00e7a-feira, 16, e a madrugada desta quarta, 17, devido a um&nbsp;problema na pista do aeroporto soteropolitano. O problema afetou todos os&nbsp;voos internacionais&nbsp;com pouso programado no per\u00edodo. Foram impactados o&nbsp;TP29, proveniente de Lisboa, e que desviou para Recife; AD4429, da Azul, que tamb\u00e9m retornou [&hellip;]<\/p>\n","protected":false},"author":2,"featured_media":10367,"comment_status":"open","ping_status":"open","sticky":false,"template":"","format":"standard","meta":{"jnews-multi-image_gallery":[],"jnews_single_post":{"subtitle":"","format":"standard","video":"","gallery":"","source_name":"","source_url":"","via_name":"","via_url":"","override_template":"0","override":[{"template":"1","single_blog_custom":"","parallax":"1","fullscreen":"1","layout":"right-sidebar","sidebar":"default-sidebar","second_sidebar":"default-sidebar","sticky_sidebar":"1","share_position":"top","share_float_style":"share-monocrhome","show_share_counter":"0","show_view_counter":"0","show_featured":"1","show_post_meta":"1","show_post_author":"0","show_post_author_image":"1","show_post_date":"1","post_date_format":"default","post_date_format_custom":"Y\/m\/d","show_post_category":"1","show_post_reading_time":"0","post_reading_time_wpm":"300","show_zoom_button":"0","zoom_button_out_step":"2","zoom_button_in_step":"3","show_post_tag":"1","show_prev_next_post":"1","show_popup_post":"1","number_popup_post":"1","show_author_box":"0","show_post_related":"0","show_inline_post_related":"0"}],"override_image_size":"0","image_override":[{"single_post_thumbnail_size":"no-crop","single_post_gallery_size":"crop-715"}],"trending_post":"0","trending_post_position":"meta","trending_post_label":"Trending","sponsored_post":"0","sponsored_post_label":"Sponsored by","sponsored_post_name":"","sponsored_post_url":"","sponsored_post_logo_enable":"0","sponsored_post_logo":"","sponsored_post_desc":"","disable_ad":"0"},"jnews_primary_category":{"id":"","hide":""},"footnotes":""},"categories":[85],"tags":[],"class_list":["post-10365","post","type-post","status-publish","format-standard","has-post-thumbnail","hentry","category-noticias"],"_links":{"self":[{"href":"https:\/\/cidadebaixaonline.com.br\/index.php\/wp-json\/wp\/v2\/posts\/10365","targetHints":{"allow":["GET"]}}],"collection":[{"href":"https:\/\/cidadebaixaonline.com.br\/index.php\/wp-json\/wp\/v2\/posts"}],"about":[{"href":"https:\/\/cidadebaixaonline.com.br\/index.php\/wp-json\/wp\/v2\/types\/post"}],"author":[{"embeddable":true,"href":"https:\/\/cidadebaixaonline.com.br\/index.php\/wp-json\/wp\/v2\/users\/2"}],"replies":[{"embeddable":true,"href":"https:\/\/cidadebaixaonline.com.br\/index.php\/wp-json\/wp\/v2\/comments?post=10365"}],"version-history":[{"count":1,"href":"https:\/\/cidadebaixaonline.com.br\/index.php\/wp-json\/wp\/v2\/posts\/10365\/revisions"}],"predecessor-version":[{"id":10369,"href":"https:\/\/cidadebaixaonline.com.br\/index.php\/wp-json\/wp\/v2\/posts\/10365\/revisions\/10369"}],"wp:featuredmedia":[{"embeddable":true,"href":"https:\/\/cidadebaixaonline.com.br\/index.php\/wp-json\/wp\/v2\/media\/10367"}],"wp:attachment":[{"href":"https:\/\/cidadebaixaonline.com.br\/index.php\/wp-json\/wp\/v2\/media?parent=10365"}],"wp:term":[{"taxonomy":"category","embeddable":true,"href":"https:\/\/cidadebaixaonline.com.br\/index.php\/wp-json\/wp\/v2\/categories?post=10365"},{"taxonomy":"post_tag","embeddable":true,"href":"https:\/\/cidadebaixaonline.com.br\/index.php\/wp-json\/wp\/v2\/tags?post=10365"}],"curies":[{"name":"wp","href":"https:\/\/api.w.org\/{rel}","templated":true}]}}