{"id":10347,"date":"2024-07-17T11:00:42","date_gmt":"2024-07-17T14:00:42","guid":{"rendered":"https:\/\/cidadebaixaonline.com.br\/?p=10347"},"modified":"2024-07-17T11:00:43","modified_gmt":"2024-07-17T14:00:43","slug":"problema-de-furto-de-cabos-causa-lentidao-na-linha-2-do-metro-de-salvador","status":"publish","type":"post","link":"https:\/\/cidadebaixaonline.com.br\/index.php\/2024\/07\/17\/problema-de-furto-de-cabos-causa-lentidao-na-linha-2-do-metro-de-salvador\/","title":{"rendered":"Problema de furto de cabos causa lentid\u00e3o na Linha 2 do metr\u00f4 de Salvador"},"content":{"rendered":"\n<p>Na manh\u00e3 desta quarta-feira (17), usu\u00e1rios do sistema de metr\u00f4 de Salvador encontraram dificuldades para acessar a Linha 2, que liga o Acesso Norte a Lauro de Freitas, devido a problemas recorrentes de furto de cabos. A CCR Metr\u00f4 Bahia informou em nota que a circula\u00e7\u00e3o de trens na Linha 2 est\u00e1 operando com velocidade reduzida em alguns trechos, devido a a\u00e7\u00f5es de vandalismo ocorridas durante a madrugada.<\/p>\n\n\n\n<p>A concession\u00e1ria respons\u00e1vel pelo metr\u00f4 afirmou que equipes de manuten\u00e7\u00e3o j\u00e1 est\u00e3o trabalhando para normalizar a situa\u00e7\u00e3o e minimizar os transtornos causados aos passageiros. Enquanto isso, a Linha 1 continua operando normalmente, sem registros de impacto no servi\u00e7o. A CCR lamentou o ocorrido e destacou os esfor\u00e7os para restabelecer a opera\u00e7\u00e3o regular o mais r\u00e1pido poss\u00edvel, visando garantir o transporte eficiente para a popula\u00e7\u00e3o baiana.<\/p>\n\n\n\n<p>Fonte: Varela Net <\/p>\n","protected":false},"excerpt":{"rendered":"<p>Na manh\u00e3 desta quarta-feira (17), usu\u00e1rios do sistema de metr\u00f4 de Salvador encontraram dificuldades para acessar a Linha 2, que liga o Acesso Norte a Lauro de Freitas, devido a problemas recorrentes de furto de cabos. A CCR Metr\u00f4 Bahia informou em nota que a circula\u00e7\u00e3o de trens na Linha 2 est\u00e1 operando com velocidade [&hellip;]<\/p>\n","protected":false},"author":2,"featured_media":10348,"comment_status":"open","ping_status":"open","sticky":false,"template":"","format":"standard","meta":{"jnews-multi-image_gallery":[],"jnews_single_post":{"subtitle":"","format":"standard","video":"","gallery":"","source_name":"","source_url":"","via_name":"","via_url":"","override_template":"0","override":[{"template":"1","single_blog_custom":"","parallax":"1","fullscreen":"1","layout":"right-sidebar","sidebar":"default-sidebar","second_sidebar":"default-sidebar","sticky_sidebar":"1","share_position":"top","share_float_style":"share-monocrhome","show_share_counter":"0","show_view_counter":"0","show_featured":"1","show_post_meta":"1","show_post_author":"0","show_post_author_image":"1","show_post_date":"1","post_date_format":"default","post_date_format_custom":"Y\/m\/d","show_post_category":"1","show_post_reading_time":"0","post_reading_time_wpm":"300","show_zoom_button":"0","zoom_button_out_step":"2","zoom_button_in_step":"3","show_post_tag":"1","show_prev_next_post":"1","show_popup_post":"1","number_popup_post":"1","show_author_box":"0","show_post_related":"0","show_inline_post_related":"0"}],"override_image_size":"0","image_override":[{"single_post_thumbnail_size":"no-crop","single_post_gallery_size":"crop-715"}],"trending_post":"0","trending_post_position":"meta","trending_post_label":"Trending","sponsored_post":"0","sponsored_post_label":"Sponsored by","sponsored_post_name":"","sponsored_post_url":"","sponsored_post_logo_enable":"0","sponsored_post_logo":"","sponsored_post_desc":"","disable_ad":"0"},"jnews_primary_category":{"id":"","hide":""},"footnotes":""},"categories":[85],"tags":[],"class_list":["post-10347","post","type-post","status-publish","format-standard","has-post-thumbnail","hentry","category-noticias"],"_links":{"self":[{"href":"https:\/\/cidadebaixaonline.com.br\/index.php\/wp-json\/wp\/v2\/posts\/10347","targetHints":{"allow":["GET"]}}],"collection":[{"href":"https:\/\/cidadebaixaonline.com.br\/index.php\/wp-json\/wp\/v2\/posts"}],"about":[{"href":"https:\/\/cidadebaixaonline.com.br\/index.php\/wp-json\/wp\/v2\/types\/post"}],"author":[{"embeddable":true,"href":"https:\/\/cidadebaixaonline.com.br\/index.php\/wp-json\/wp\/v2\/users\/2"}],"replies":[{"embeddable":true,"href":"https:\/\/cidadebaixaonline.com.br\/index.php\/wp-json\/wp\/v2\/comments?post=10347"}],"version-history":[{"count":1,"href":"https:\/\/cidadebaixaonline.com.br\/index.php\/wp-json\/wp\/v2\/posts\/10347\/revisions"}],"predecessor-version":[{"id":10349,"href":"https:\/\/cidadebaixaonline.com.br\/index.php\/wp-json\/wp\/v2\/posts\/10347\/revisions\/10349"}],"wp:featuredmedia":[{"embeddable":true,"href":"https:\/\/cidadebaixaonline.com.br\/index.php\/wp-json\/wp\/v2\/media\/10348"}],"wp:attachment":[{"href":"https:\/\/cidadebaixaonline.com.br\/index.php\/wp-json\/wp\/v2\/media?parent=10347"}],"wp:term":[{"taxonomy":"category","embeddable":true,"href":"https:\/\/cidadebaixaonline.com.br\/index.php\/wp-json\/wp\/v2\/categories?post=10347"},{"taxonomy":"post_tag","embeddable":true,"href":"https:\/\/cidadebaixaonline.com.br\/index.php\/wp-json\/wp\/v2\/tags?post=10347"}],"curies":[{"name":"wp","href":"https:\/\/api.w.org\/{rel}","templated":true}]}}