{"id":10341,"date":"2024-07-16T14:35:12","date_gmt":"2024-07-16T17:35:12","guid":{"rendered":"https:\/\/cidadebaixaonline.com.br\/?p=10341"},"modified":"2024-07-16T14:35:14","modified_gmt":"2024-07-16T17:35:14","slug":"prefeitura-contrata-empresa-para-mudancas-no-acesso-norte","status":"publish","type":"post","link":"https:\/\/cidadebaixaonline.com.br\/index.php\/2024\/07\/16\/prefeitura-contrata-empresa-para-mudancas-no-acesso-norte\/","title":{"rendered":"Prefeitura contrata empresa para mudan\u00e7as no Acesso Norte"},"content":{"rendered":"\n<p>Ap\u00f3s\u00a0diversas obras vi\u00e1rias implantadas na regi\u00e3o da R\u00f3tula do Abacaxi\u00a0para evitar gargalos do tr\u00e2nsito de Salvador, a passarela existente que d\u00e1 acesso a\u00a0Esta\u00e7\u00e3o do Metr\u00f4 do Acesso Norte\u00a0acabou sendo alvo de interfer\u00eancias e precisar\u00e1 passar por uma readequa\u00e7\u00e3o.<\/p>\n\n\n\n<p>Com prop\u00f3sito de executar os servi\u00e7os referentes a funda\u00e7\u00e3o do equipamento, a prefeitura da capital baiana oficializou a contrata\u00e7\u00e3o da empresa 800D Engenharia e investir\u00e1 R$ 1.995.941,73. <\/p>\n\n\n\n<p>O texto detalhou que a institui\u00e7\u00e3o selecionada ser\u00e1 respons\u00e1vel pelo fornecimento de m\u00e3o de obra, materiais, equipamentos, e o que for necess\u00e1rio para a execu\u00e7\u00e3o dos servi\u00e7os.<\/p>\n\n\n\n<p>A previs\u00e3o dada pela gest\u00e3o municipal \u00e9 que a finaliza\u00e7\u00e3o da instala\u00e7\u00e3o da passarela seja conclu\u00edda em quatro meses, contados a partir da data da assinatura da 1\u00aa Ordem de Servi\u00e7o e de acordo com o Cronograma F\u00edsico Financeiro.<\/p>\n\n\n\n<p>A R\u00f3tula do Abacaxi tem grande relev\u00e2ncia como complexo vi\u00e1rio e est\u00e1 localizado na conflu\u00eancia de importantes vias estruturantes de Salvador, sendo elas a Avenida Ant\u00f4nio Carlos Magalh\u00e3es, a Avenida M\u00e1rio Leal Ferreira, tamb\u00e9m conhecida como Bonoc\u00f4, a Av. Heitor Dias, a Avenida Barros Reis e a Ladeira do Cabula.<\/p>\n\n\n\n<p>No entanto, o tr\u00e1fego \u00e9 influenciado tamb\u00e9m por outras vias que se encontram em suas proximidades, entre elas a BR-324, a Via Expressa e o Acesso Norte, constituindo assim uma zona de liga\u00e7\u00e3o entre diversas regi\u00f5es da \u00e1rea metropolitana.<\/p>\n\n\n\n<p>Por conta disso, o tr\u00e2nsito da regi\u00e3o acaba ficando sobrecarregado e um conjunto de interven\u00e7\u00f5es vi\u00e1rias est\u00e3o sendo e ser\u00e3o implantadas para redirecionar o tr\u00e1fego.<\/p>\n\n\n\n<p>Atualmente, os fluxos das regi\u00f5es do Cabula, Pernambu\u00e9s e Bela Vista, que querem acessar as avenidas ACM e Bonoc\u00f4 atrav\u00e9s de retorno existente em frente \u00e0 Esta\u00e7\u00e3o de Transbordo, causam um entrecruzamento com o fluxo oriundo da Av. ACM com destino \u00e0 R\u00f3tula do Abacaxi, sendo um dos principais problemas de reten\u00e7\u00e3o da regi\u00e3o.<\/p>\n\n\n\n<p>Com a implanta\u00e7\u00e3o da Interven\u00e7\u00e3o 1, os ve\u00edculos poder\u00e3o acessar diretamente as avenidas ACM e Bonoc\u00f4 atrav\u00e9s da nova via, sem passar pela R\u00f3tula do Abacaxi. Por\u00e9m, a mudan\u00e7a ter\u00e1 interfer\u00eancia com a passarela que d\u00e1 acesso ao Acesso Norte, cuja adequa\u00e7\u00e3o ser\u00e1 necess\u00e1ria devido ao seu tra\u00e7ado.<\/p>\n\n\n\n<p>Fonte: A Tarde <\/p>\n\n\n\n<p> <\/p>\n","protected":false},"excerpt":{"rendered":"<p>Ap\u00f3s\u00a0diversas obras vi\u00e1rias implantadas na regi\u00e3o da R\u00f3tula do Abacaxi\u00a0para evitar gargalos do tr\u00e2nsito de Salvador, a passarela existente que d\u00e1 acesso a\u00a0Esta\u00e7\u00e3o do Metr\u00f4 do Acesso Norte\u00a0acabou sendo alvo de interfer\u00eancias e precisar\u00e1 passar por uma readequa\u00e7\u00e3o. Com prop\u00f3sito de executar os servi\u00e7os referentes a funda\u00e7\u00e3o do equipamento, a prefeitura da capital baiana oficializou [&hellip;]<\/p>\n","protected":false},"author":2,"featured_media":10342,"comment_status":"open","ping_status":"open","sticky":false,"template":"","format":"standard","meta":{"jnews-multi-image_gallery":[],"jnews_single_post":{"subtitle":"","format":"standard","video":"","gallery":"","source_name":"","source_url":"","via_name":"","via_url":"","override_template":"0","override":[{"template":"1","single_blog_custom":"","parallax":"1","fullscreen":"1","layout":"right-sidebar","sidebar":"default-sidebar","second_sidebar":"default-sidebar","sticky_sidebar":"1","share_position":"top","share_float_style":"share-monocrhome","show_share_counter":"0","show_view_counter":"0","show_featured":"1","show_post_meta":"1","show_post_author":"0","show_post_author_image":"1","show_post_date":"1","post_date_format":"default","post_date_format_custom":"Y\/m\/d","show_post_category":"1","show_post_reading_time":"0","post_reading_time_wpm":"300","show_zoom_button":"0","zoom_button_out_step":"2","zoom_button_in_step":"3","show_post_tag":"1","show_prev_next_post":"1","show_popup_post":"1","number_popup_post":"1","show_author_box":"0","show_post_related":"0","show_inline_post_related":"0"}],"override_image_size":"0","image_override":[{"single_post_thumbnail_size":"no-crop","single_post_gallery_size":"crop-715"}],"trending_post":"0","trending_post_position":"meta","trending_post_label":"Trending","sponsored_post":"0","sponsored_post_label":"Sponsored by","sponsored_post_name":"","sponsored_post_url":"","sponsored_post_logo_enable":"0","sponsored_post_logo":"","sponsored_post_desc":"","disable_ad":"0"},"jnews_primary_category":{"id":"","hide":""},"footnotes":""},"categories":[85],"tags":[],"class_list":["post-10341","post","type-post","status-publish","format-standard","has-post-thumbnail","hentry","category-noticias"],"_links":{"self":[{"href":"https:\/\/cidadebaixaonline.com.br\/index.php\/wp-json\/wp\/v2\/posts\/10341","targetHints":{"allow":["GET"]}}],"collection":[{"href":"https:\/\/cidadebaixaonline.com.br\/index.php\/wp-json\/wp\/v2\/posts"}],"about":[{"href":"https:\/\/cidadebaixaonline.com.br\/index.php\/wp-json\/wp\/v2\/types\/post"}],"author":[{"embeddable":true,"href":"https:\/\/cidadebaixaonline.com.br\/index.php\/wp-json\/wp\/v2\/users\/2"}],"replies":[{"embeddable":true,"href":"https:\/\/cidadebaixaonline.com.br\/index.php\/wp-json\/wp\/v2\/comments?post=10341"}],"version-history":[{"count":1,"href":"https:\/\/cidadebaixaonline.com.br\/index.php\/wp-json\/wp\/v2\/posts\/10341\/revisions"}],"predecessor-version":[{"id":10343,"href":"https:\/\/cidadebaixaonline.com.br\/index.php\/wp-json\/wp\/v2\/posts\/10341\/revisions\/10343"}],"wp:featuredmedia":[{"embeddable":true,"href":"https:\/\/cidadebaixaonline.com.br\/index.php\/wp-json\/wp\/v2\/media\/10342"}],"wp:attachment":[{"href":"https:\/\/cidadebaixaonline.com.br\/index.php\/wp-json\/wp\/v2\/media?parent=10341"}],"wp:term":[{"taxonomy":"category","embeddable":true,"href":"https:\/\/cidadebaixaonline.com.br\/index.php\/wp-json\/wp\/v2\/categories?post=10341"},{"taxonomy":"post_tag","embeddable":true,"href":"https:\/\/cidadebaixaonline.com.br\/index.php\/wp-json\/wp\/v2\/tags?post=10341"}],"curies":[{"name":"wp","href":"https:\/\/api.w.org\/{rel}","templated":true}]}}