{"id":10336,"date":"2024-07-16T10:44:58","date_gmt":"2024-07-16T13:44:58","guid":{"rendered":"https:\/\/cidadebaixaonline.com.br\/?p=10336"},"modified":"2024-07-16T10:45:00","modified_gmt":"2024-07-16T13:45:00","slug":"rodoviario-perde-os-dentes-apos-ser-espancado-por-motorista-em-salvador","status":"publish","type":"post","link":"https:\/\/cidadebaixaonline.com.br\/index.php\/2024\/07\/16\/rodoviario-perde-os-dentes-apos-ser-espancado-por-motorista-em-salvador\/","title":{"rendered":"Rodovi\u00e1rio perde os dentes ap\u00f3s ser espancado por motorista em Salvador"},"content":{"rendered":"\n<p>Um rodovi\u00e1rio perdeu tr\u00eas dentes e sofreu ferimentos no rosto ap\u00f3s ser agredido pelo motorista de um ve\u00edculo durante um acidente na Fazenda Grande do Retiro, bairro da periferia de Salvador. A sess\u00e3o de espancamento foi registrado na noite desta segunda-feira, 15, na Rua Melo Morais Filho.<\/p>\n\n\n\n<p>De acordo com testemunhas, a agress\u00e3o aconteceu ap\u00f3s o rodovi\u00e1rio bater em um ve\u00edculo de passeio. &#8220;O motorista do \u00f4nibus terminou encostando no carro do agressor. O rodovi\u00e1rio desceu para ver o que aconteceu e j\u00e1 foi recebido com socos no rosto. Ele chegou a desmaiar, bateu a cabe\u00e7a no ch\u00e3o e terminou perdendo os dentes&#8221;, disse o homem que prefere n\u00e3o ter a identidade revelada.<\/p>\n\n\n\n<p>Ap\u00f3s espancar o rodovi\u00e1rio, o homem teria deixado o local. &#8220;A batida foi t\u00e3o leve que nem provocou preju\u00edzo. Tanto que ele foi embora ap\u00f3s ver que o motorista estava bastante machucado&#8221;. A Pol\u00edcia Militar foi acionada, mas n\u00e3o conseguiu localizar o agressor.<\/p>\n\n\n\n<p>O rodovi\u00e1rio recebeu os primeiros atendimentos pelo Servi\u00e7o de Atendimento M\u00f3vel de Urg\u00eancia (SAMU) e depois foi socorrido para a emerg\u00eancia do Hospital Teresa de Lisieux, na avenida ACM. O estado de sa\u00fade dele n\u00e3o foi informado. <\/p>\n\n\n\n<p>Fonte: A Tarde <\/p>\n","protected":false},"excerpt":{"rendered":"<p>Um rodovi\u00e1rio perdeu tr\u00eas dentes e sofreu ferimentos no rosto ap\u00f3s ser agredido pelo motorista de um ve\u00edculo durante um acidente na Fazenda Grande do Retiro, bairro da periferia de Salvador. A sess\u00e3o de espancamento foi registrado na noite desta segunda-feira, 15, na Rua Melo Morais Filho. De acordo com testemunhas, a agress\u00e3o aconteceu ap\u00f3s [&hellip;]<\/p>\n","protected":false},"author":2,"featured_media":10337,"comment_status":"open","ping_status":"open","sticky":false,"template":"","format":"standard","meta":{"jnews-multi-image_gallery":[],"jnews_single_post":{"subtitle":"","format":"standard","video":"","gallery":"","source_name":"","source_url":"","via_name":"","via_url":"","override_template":"0","override":[{"template":"1","single_blog_custom":"","parallax":"1","fullscreen":"1","layout":"right-sidebar","sidebar":"default-sidebar","second_sidebar":"default-sidebar","sticky_sidebar":"1","share_position":"top","share_float_style":"share-monocrhome","show_share_counter":"0","show_view_counter":"0","show_featured":"1","show_post_meta":"1","show_post_author":"0","show_post_author_image":"1","show_post_date":"1","post_date_format":"default","post_date_format_custom":"Y\/m\/d","show_post_category":"1","show_post_reading_time":"0","post_reading_time_wpm":"300","show_zoom_button":"0","zoom_button_out_step":"2","zoom_button_in_step":"3","show_post_tag":"1","show_prev_next_post":"1","show_popup_post":"1","number_popup_post":"1","show_author_box":"0","show_post_related":"0","show_inline_post_related":"0"}],"override_image_size":"0","image_override":[{"single_post_thumbnail_size":"no-crop","single_post_gallery_size":"crop-715"}],"trending_post":"0","trending_post_position":"meta","trending_post_label":"Trending","sponsored_post":"0","sponsored_post_label":"Sponsored by","sponsored_post_name":"","sponsored_post_url":"","sponsored_post_logo_enable":"0","sponsored_post_logo":"","sponsored_post_desc":"","disable_ad":"0"},"jnews_primary_category":{"id":"","hide":""},"footnotes":""},"categories":[85],"tags":[],"class_list":["post-10336","post","type-post","status-publish","format-standard","has-post-thumbnail","hentry","category-noticias"],"_links":{"self":[{"href":"https:\/\/cidadebaixaonline.com.br\/index.php\/wp-json\/wp\/v2\/posts\/10336","targetHints":{"allow":["GET"]}}],"collection":[{"href":"https:\/\/cidadebaixaonline.com.br\/index.php\/wp-json\/wp\/v2\/posts"}],"about":[{"href":"https:\/\/cidadebaixaonline.com.br\/index.php\/wp-json\/wp\/v2\/types\/post"}],"author":[{"embeddable":true,"href":"https:\/\/cidadebaixaonline.com.br\/index.php\/wp-json\/wp\/v2\/users\/2"}],"replies":[{"embeddable":true,"href":"https:\/\/cidadebaixaonline.com.br\/index.php\/wp-json\/wp\/v2\/comments?post=10336"}],"version-history":[{"count":1,"href":"https:\/\/cidadebaixaonline.com.br\/index.php\/wp-json\/wp\/v2\/posts\/10336\/revisions"}],"predecessor-version":[{"id":10338,"href":"https:\/\/cidadebaixaonline.com.br\/index.php\/wp-json\/wp\/v2\/posts\/10336\/revisions\/10338"}],"wp:featuredmedia":[{"embeddable":true,"href":"https:\/\/cidadebaixaonline.com.br\/index.php\/wp-json\/wp\/v2\/media\/10337"}],"wp:attachment":[{"href":"https:\/\/cidadebaixaonline.com.br\/index.php\/wp-json\/wp\/v2\/media?parent=10336"}],"wp:term":[{"taxonomy":"category","embeddable":true,"href":"https:\/\/cidadebaixaonline.com.br\/index.php\/wp-json\/wp\/v2\/categories?post=10336"},{"taxonomy":"post_tag","embeddable":true,"href":"https:\/\/cidadebaixaonline.com.br\/index.php\/wp-json\/wp\/v2\/tags?post=10336"}],"curies":[{"name":"wp","href":"https:\/\/api.w.org\/{rel}","templated":true}]}}