{"id":10178,"date":"2024-07-03T15:30:14","date_gmt":"2024-07-03T18:30:14","guid":{"rendered":"https:\/\/cidadebaixaonline.com.br\/?p=10178"},"modified":"2024-07-03T15:30:17","modified_gmt":"2024-07-03T18:30:17","slug":"governo-federal-anuncia-pacto-de-renegociacao-da-divida-dos-estados","status":"publish","type":"post","link":"https:\/\/cidadebaixaonline.com.br\/index.php\/2024\/07\/03\/governo-federal-anuncia-pacto-de-renegociacao-da-divida-dos-estados\/","title":{"rendered":"Governo federal anuncia pacto de renegocia\u00e7\u00e3o da d\u00edvida dos estados"},"content":{"rendered":"\n<p>O governo federal assina nesta quarta-feira (3), durante a reuni\u00e3o do Conselho da Federa\u00e7\u00e3o, um pacto de renegocia\u00e7\u00e3o da d\u00edvida dos estados.<\/p>\n\n\n\n<p>A resolu\u00e7\u00e3o \u00e9 uma forma de pavimentar o caminho para a tramita\u00e7\u00e3o do projeto de lei que ser\u00e1 apresentado pelo presidente do Senado, Rodrigo Pacheco (PSD-MG), para criar novas condi\u00e7\u00f5es de renegocia\u00e7\u00e3o dos d\u00e9bitos dos entes federados com a Uni\u00e3o.<\/p>\n\n\n\n<p>Interlocutores do Planalto afirmam que o pacto \u00e9 um refor\u00e7o e um alinhamento institucional importante.<\/p>\n\n\n\n<p>A reuni\u00e3o do Conselho, que teve presen\u00e7a do presidente Luiz In\u00e1cio Lula da Silva (PT), foi aberta pelo ministro das Rela\u00e7\u00f5es Institucionais, Alexandre Padilha, por volta das 11h. A agenda atrasou as expectativas de lan\u00e7amento do Plano Safra e n\u00e3o estava prevista inicialmente nos compromissos do presidente Lula.<\/p>\n\n\n\n<p>Presente no encontro, o ministro da Fazenda, Fernando Haddad, afirmou que ainda h\u00e1 pend\u00eancias no projeto de lei que est\u00e1 para ser anunciado por Rodrigo Pacheco, mas que acredita que as negocia\u00e7\u00f5es ir\u00e3o superar o que ainda est\u00e1 em aberto.<\/p>\n\n\n\n<p>\u201cO presidente Pacheco est\u00e1 nos ajudando a equacionar essas pend\u00eancias para que o projeto de lei possa ser apresentado e aprovado ainda antes do recesso de julho\u201d, afirmou.<\/p>\n\n\n\n<p>Haddad disse esperar que at\u00e9 o final do m\u00eas seja poss\u00edvel concluir a negocia\u00e7\u00e3o com o Congresso para \u201cdar uma boa not\u00edcia aos entes federados\u201d.<\/p>\n\n\n\n<p>Pacheco deve anunciar um posicionamento sobre o texto at\u00e9 o final do dia, com a confirma\u00e7\u00e3o do senador Davi Alcolumbre (Uni\u00e3o-AP) como relator.<\/p>\n\n\n\n<p><strong>Conselho Federativo<\/strong><br>Al\u00e9m do presidente da Rep\u00fablica, participaram da reuni\u00e3o o vice-presidente Geraldo Alckmin, os governadores Ronaldo Caiado (Uni\u00e3o), de Goi\u00e1s, Eduardo Leite (PSDB), do Rio Grande do Sul, F\u00e1tima Bezerra (PT), do Rio Grande do Norte, Cl\u00e1udio Castro (PL), do Rio de Janeiro e Wilson Lima (Uni\u00e3o), do Amazonas, al\u00e9m da vice-governadora do Distrito Federal, Celina Le\u00e3o.<\/p>\n\n\n\n<p>Os ministros Fernando Haddad, da Fazenda; Camilo Santana, da Educa\u00e7\u00e3o; Simone Tebet; do Planejamento; Marina Silva, do Meio Ambiente; Wellington Dias, do Desenvolvimento Social e Rui Costa, da Casa Civil tamb\u00e9m est\u00e3o presentes.<\/p>\n\n\n\n<p>Os presidentes da Confedera\u00e7\u00e3o Nacional dos Munic\u00edpios; da Frente Nacional de Prefeitos e da Associa\u00e7\u00e3o Paulista de Munic\u00edpios tamb\u00e9m participam.<\/p>\n\n\n\n<p>O Conselho conta com 18 integrantes e \u00e9 presidido por Lula. O \u00f3rg\u00e3o foi instalado em outubro do ano de 2023.<\/p>\n\n\n\n<p>Fonte: CNN Brasil<\/p>\n","protected":false},"excerpt":{"rendered":"<p>O governo federal assina nesta quarta-feira (3), durante a reuni\u00e3o do Conselho da Federa\u00e7\u00e3o, um pacto de renegocia\u00e7\u00e3o da d\u00edvida dos estados. A resolu\u00e7\u00e3o \u00e9 uma forma de pavimentar o caminho para a tramita\u00e7\u00e3o do projeto de lei que ser\u00e1 apresentado pelo presidente do Senado, Rodrigo Pacheco (PSD-MG), para criar novas condi\u00e7\u00f5es de renegocia\u00e7\u00e3o dos [&hellip;]<\/p>\n","protected":false},"author":2,"featured_media":10179,"comment_status":"open","ping_status":"open","sticky":false,"template":"","format":"standard","meta":{"jnews-multi-image_gallery":[],"jnews_single_post":{"subtitle":"","format":"standard","video":"","gallery":"","source_name":"","source_url":"","via_name":"","via_url":"","override_template":"0","override":[{"template":"1","single_blog_custom":"","parallax":"1","fullscreen":"1","layout":"right-sidebar","sidebar":"default-sidebar","second_sidebar":"default-sidebar","sticky_sidebar":"1","share_position":"top","share_float_style":"share-monocrhome","show_share_counter":"0","show_view_counter":"0","show_featured":"1","show_post_meta":"1","show_post_author":"0","show_post_author_image":"1","show_post_date":"1","post_date_format":"default","post_date_format_custom":"Y\/m\/d","show_post_category":"1","show_post_reading_time":"0","post_reading_time_wpm":"300","show_zoom_button":"0","zoom_button_out_step":"2","zoom_button_in_step":"3","show_post_tag":"1","show_prev_next_post":"1","show_popup_post":"1","number_popup_post":"1","show_author_box":"0","show_post_related":"0","show_inline_post_related":"0"}],"override_image_size":"0","image_override":[{"single_post_thumbnail_size":"no-crop","single_post_gallery_size":"crop-715"}],"trending_post":"0","trending_post_position":"meta","trending_post_label":"Trending","sponsored_post":"0","sponsored_post_label":"Sponsored by","sponsored_post_name":"","sponsored_post_url":"","sponsored_post_logo_enable":"0","sponsored_post_logo":"","sponsored_post_desc":"","disable_ad":"0"},"jnews_primary_category":{"id":"","hide":""},"footnotes":""},"categories":[91],"tags":[],"class_list":["post-10178","post","type-post","status-publish","format-standard","has-post-thumbnail","hentry","category-politica"],"_links":{"self":[{"href":"https:\/\/cidadebaixaonline.com.br\/index.php\/wp-json\/wp\/v2\/posts\/10178","targetHints":{"allow":["GET"]}}],"collection":[{"href":"https:\/\/cidadebaixaonline.com.br\/index.php\/wp-json\/wp\/v2\/posts"}],"about":[{"href":"https:\/\/cidadebaixaonline.com.br\/index.php\/wp-json\/wp\/v2\/types\/post"}],"author":[{"embeddable":true,"href":"https:\/\/cidadebaixaonline.com.br\/index.php\/wp-json\/wp\/v2\/users\/2"}],"replies":[{"embeddable":true,"href":"https:\/\/cidadebaixaonline.com.br\/index.php\/wp-json\/wp\/v2\/comments?post=10178"}],"version-history":[{"count":1,"href":"https:\/\/cidadebaixaonline.com.br\/index.php\/wp-json\/wp\/v2\/posts\/10178\/revisions"}],"predecessor-version":[{"id":10180,"href":"https:\/\/cidadebaixaonline.com.br\/index.php\/wp-json\/wp\/v2\/posts\/10178\/revisions\/10180"}],"wp:featuredmedia":[{"embeddable":true,"href":"https:\/\/cidadebaixaonline.com.br\/index.php\/wp-json\/wp\/v2\/media\/10179"}],"wp:attachment":[{"href":"https:\/\/cidadebaixaonline.com.br\/index.php\/wp-json\/wp\/v2\/media?parent=10178"}],"wp:term":[{"taxonomy":"category","embeddable":true,"href":"https:\/\/cidadebaixaonline.com.br\/index.php\/wp-json\/wp\/v2\/categories?post=10178"},{"taxonomy":"post_tag","embeddable":true,"href":"https:\/\/cidadebaixaonline.com.br\/index.php\/wp-json\/wp\/v2\/tags?post=10178"}],"curies":[{"name":"wp","href":"https:\/\/api.w.org\/{rel}","templated":true}]}}