{"id":10172,"date":"2024-07-03T14:07:08","date_gmt":"2024-07-03T17:07:08","guid":{"rendered":"https:\/\/cidadebaixaonline.com.br\/?p=10172"},"modified":"2024-07-03T14:07:10","modified_gmt":"2024-07-03T17:07:10","slug":"guardas-civis-sao-afastados-apos-episodio-de-agressao-contra-jovem","status":"publish","type":"post","link":"https:\/\/cidadebaixaonline.com.br\/index.php\/2024\/07\/03\/guardas-civis-sao-afastados-apos-episodio-de-agressao-contra-jovem\/","title":{"rendered":"Guardas civis s\u00e3o afastados ap\u00f3s epis\u00f3dio de agress\u00e3o contra jovem"},"content":{"rendered":"\n<p id=\"paragrafo-sf8betclty\">Dois guarda civis da cidade de Cara\u00edbas, no sudoeste da Bahia, foram flagrados agredindo um jovem em uma oficina mec\u00e2nica. O flagrante foi registrado por uma c\u00e2mera de seguran\u00e7a, na \u00faltima ter\u00e7a-feira (2).<\/p>\n\n\n\n<p id=\"paragrafo-lpofjncb67\">Em nota, a Prefeitura de Cara\u00edbas informou que deu in\u00edcio a um processo administrativo para apurar as circunst\u00e2ncias do ocorrido, e solicitou, de imediato, o afastamento dos profissionais envolvidos at\u00e9 que as investiga\u00e7\u00f5es sejam conclu\u00eddas. A Prefeitura informou que aguarda a apura\u00e7\u00e3o dos fatos para que novas provid\u00eancias sejam tomadas.<\/p>\n\n\n\n<p id=\"paragrafo-k9v5cgxsij\">O \u00f3rg\u00e3o diz ainda que n\u00e3o \u00e9 conivente com nenhum tipo de viol\u00eancia. &#8220;O profissionalismo, a seguran\u00e7a e o respeito \u00e0 popula\u00e7\u00e3o caraibense s\u00e3o os princ\u00edpios b\u00e1sicos que regem a atua\u00e7\u00e3o da Guarda Municipal, desde a sua concep\u00e7\u00e3o&#8221;, diz o comunicado.<\/p>\n\n\n\n<p>Fonte: Jornal Correio <\/p>\n","protected":false},"excerpt":{"rendered":"<p>Dois guarda civis da cidade de Cara\u00edbas, no sudoeste da Bahia, foram flagrados agredindo um jovem em uma oficina mec\u00e2nica. O flagrante foi registrado por uma c\u00e2mera de seguran\u00e7a, na \u00faltima ter\u00e7a-feira (2). Em nota, a Prefeitura de Cara\u00edbas informou que deu in\u00edcio a um processo administrativo para apurar as circunst\u00e2ncias do ocorrido, e solicitou, [&hellip;]<\/p>\n","protected":false},"author":2,"featured_media":10173,"comment_status":"open","ping_status":"open","sticky":false,"template":"","format":"standard","meta":{"jnews-multi-image_gallery":[],"jnews_single_post":{"subtitle":"","format":"standard","video":"","gallery":"","source_name":"","source_url":"","via_name":"","via_url":"","override_template":"0","override":[{"template":"1","single_blog_custom":"","parallax":"1","fullscreen":"1","layout":"right-sidebar","sidebar":"default-sidebar","second_sidebar":"default-sidebar","sticky_sidebar":"1","share_position":"top","share_float_style":"share-monocrhome","show_share_counter":"0","show_view_counter":"0","show_featured":"1","show_post_meta":"1","show_post_author":"0","show_post_author_image":"1","show_post_date":"1","post_date_format":"default","post_date_format_custom":"Y\/m\/d","show_post_category":"1","show_post_reading_time":"0","post_reading_time_wpm":"300","show_zoom_button":"0","zoom_button_out_step":"2","zoom_button_in_step":"3","show_post_tag":"1","show_prev_next_post":"1","show_popup_post":"1","number_popup_post":"1","show_author_box":"0","show_post_related":"0","show_inline_post_related":"0"}],"override_image_size":"0","image_override":[{"single_post_thumbnail_size":"no-crop","single_post_gallery_size":"crop-715"}],"trending_post":"0","trending_post_position":"meta","trending_post_label":"Trending","sponsored_post":"0","sponsored_post_label":"Sponsored by","sponsored_post_name":"","sponsored_post_url":"","sponsored_post_logo_enable":"0","sponsored_post_logo":"","sponsored_post_desc":"","disable_ad":"0"},"jnews_primary_category":{"id":"","hide":""},"footnotes":""},"categories":[85],"tags":[],"class_list":["post-10172","post","type-post","status-publish","format-standard","has-post-thumbnail","hentry","category-noticias"],"_links":{"self":[{"href":"https:\/\/cidadebaixaonline.com.br\/index.php\/wp-json\/wp\/v2\/posts\/10172","targetHints":{"allow":["GET"]}}],"collection":[{"href":"https:\/\/cidadebaixaonline.com.br\/index.php\/wp-json\/wp\/v2\/posts"}],"about":[{"href":"https:\/\/cidadebaixaonline.com.br\/index.php\/wp-json\/wp\/v2\/types\/post"}],"author":[{"embeddable":true,"href":"https:\/\/cidadebaixaonline.com.br\/index.php\/wp-json\/wp\/v2\/users\/2"}],"replies":[{"embeddable":true,"href":"https:\/\/cidadebaixaonline.com.br\/index.php\/wp-json\/wp\/v2\/comments?post=10172"}],"version-history":[{"count":1,"href":"https:\/\/cidadebaixaonline.com.br\/index.php\/wp-json\/wp\/v2\/posts\/10172\/revisions"}],"predecessor-version":[{"id":10174,"href":"https:\/\/cidadebaixaonline.com.br\/index.php\/wp-json\/wp\/v2\/posts\/10172\/revisions\/10174"}],"wp:featuredmedia":[{"embeddable":true,"href":"https:\/\/cidadebaixaonline.com.br\/index.php\/wp-json\/wp\/v2\/media\/10173"}],"wp:attachment":[{"href":"https:\/\/cidadebaixaonline.com.br\/index.php\/wp-json\/wp\/v2\/media?parent=10172"}],"wp:term":[{"taxonomy":"category","embeddable":true,"href":"https:\/\/cidadebaixaonline.com.br\/index.php\/wp-json\/wp\/v2\/categories?post=10172"},{"taxonomy":"post_tag","embeddable":true,"href":"https:\/\/cidadebaixaonline.com.br\/index.php\/wp-json\/wp\/v2\/tags?post=10172"}],"curies":[{"name":"wp","href":"https:\/\/api.w.org\/{rel}","templated":true}]}}