{"id":10138,"date":"2024-06-28T10:01:52","date_gmt":"2024-06-28T13:01:52","guid":{"rendered":"https:\/\/cidadebaixaonline.com.br\/?p=10138"},"modified":"2024-06-28T10:01:54","modified_gmt":"2024-06-28T13:01:54","slug":"metro-tera-funcionamento-ininterrupto-para-shows-no-parque","status":"publish","type":"post","link":"https:\/\/cidadebaixaonline.com.br\/index.php\/2024\/06\/28\/metro-tera-funcionamento-ininterrupto-para-shows-no-parque\/","title":{"rendered":"Metr\u00f4 ter\u00e1 funcionamento ininterrupto para shows no parque"},"content":{"rendered":"\n<p>O metr\u00f4 estar\u00e1 com a opera\u00e7\u00e3o de 24 horas entre esta sexta-feira, (28), e ter\u00e7a, (2) e com amplia\u00e7\u00e3o no funcionamento at\u00e9 a 1h do dia (3) de julho. A altera\u00e7\u00e3o no sistema tem como obejtivo seguir a programa\u00e7\u00e3o de festejos juninos e oferecer mais mobilidade, conforto e seguran\u00e7a aos clientes que estar\u00e3o curtindo os shows gratuitos do S\u00e3o Pedro no Parque de Exposi\u00e7\u00f5es de Salvador.<\/p>\n\n\n\n<p>O hor\u00e1rio especial durante a madrugada (da 0h \u00e0s 5h) ser\u00e1 para embarque apenas na Esta\u00e7\u00e3o Mussurunga e exclusivamente para desembarque nas demais esta\u00e7\u00f5es do sistema metrovi\u00e1rio. Nesse per\u00edodo (da 0h \u00e0s 5h), a Linha 1 vai funcionar no trecho Lapa \u2013 Piraj\u00e1, sem desembarque nas esta\u00e7\u00f5es Campinas e \u00c1guas Claras. Os terminais de \u00f4nibus de Acesso Norte e Piraj\u00e1 (Linha 1) e o de Mussurunga (Linha 2) tamb\u00e9m ter\u00e3o atendimento especial, em parceria com a Secretaria de Mobilidade de Salvador (SEMOB), com funcionamento ininterrupto durante a madrugada.<\/p>\n\n\n\n<p>A opera\u00e7\u00e3o especial da concession\u00e1ria conta ainda com refor\u00e7o no quadro de Agentes de Atendimento e Seguran\u00e7a (AAS) e aumento no n\u00famero de viagens de acordo com a demanda.<\/p>\n\n\n\n<p>Fonte: Varela Net <\/p>\n","protected":false},"excerpt":{"rendered":"<p>O metr\u00f4 estar\u00e1 com a opera\u00e7\u00e3o de 24 horas entre esta sexta-feira, (28), e ter\u00e7a, (2) e com amplia\u00e7\u00e3o no funcionamento at\u00e9 a 1h do dia (3) de julho. A altera\u00e7\u00e3o no sistema tem como obejtivo seguir a programa\u00e7\u00e3o de festejos juninos e oferecer mais mobilidade, conforto e seguran\u00e7a aos clientes que estar\u00e3o curtindo os [&hellip;]<\/p>\n","protected":false},"author":2,"featured_media":10139,"comment_status":"open","ping_status":"open","sticky":false,"template":"","format":"standard","meta":{"jnews-multi-image_gallery":[],"jnews_single_post":{"subtitle":"","format":"standard","video":"","gallery":"","source_name":"","source_url":"","via_name":"","via_url":"","override_template":"0","override":[{"template":"1","single_blog_custom":"","parallax":"1","fullscreen":"1","layout":"right-sidebar","sidebar":"default-sidebar","second_sidebar":"default-sidebar","sticky_sidebar":"1","share_position":"top","share_float_style":"share-monocrhome","show_share_counter":"0","show_view_counter":"0","show_featured":"1","show_post_meta":"1","show_post_author":"0","show_post_author_image":"1","show_post_date":"1","post_date_format":"default","post_date_format_custom":"Y\/m\/d","show_post_category":"1","show_post_reading_time":"0","post_reading_time_wpm":"300","show_zoom_button":"0","zoom_button_out_step":"2","zoom_button_in_step":"3","show_post_tag":"1","show_prev_next_post":"1","show_popup_post":"1","number_popup_post":"1","show_author_box":"0","show_post_related":"0","show_inline_post_related":"0"}],"override_image_size":"0","image_override":[{"single_post_thumbnail_size":"no-crop","single_post_gallery_size":"crop-715"}],"trending_post":"0","trending_post_position":"meta","trending_post_label":"Trending","sponsored_post":"0","sponsored_post_label":"Sponsored by","sponsored_post_name":"","sponsored_post_url":"","sponsored_post_logo_enable":"0","sponsored_post_logo":"","sponsored_post_desc":"","disable_ad":"0"},"jnews_primary_category":{"id":"","hide":""},"footnotes":""},"categories":[85],"tags":[],"class_list":["post-10138","post","type-post","status-publish","format-standard","has-post-thumbnail","hentry","category-noticias"],"_links":{"self":[{"href":"https:\/\/cidadebaixaonline.com.br\/index.php\/wp-json\/wp\/v2\/posts\/10138","targetHints":{"allow":["GET"]}}],"collection":[{"href":"https:\/\/cidadebaixaonline.com.br\/index.php\/wp-json\/wp\/v2\/posts"}],"about":[{"href":"https:\/\/cidadebaixaonline.com.br\/index.php\/wp-json\/wp\/v2\/types\/post"}],"author":[{"embeddable":true,"href":"https:\/\/cidadebaixaonline.com.br\/index.php\/wp-json\/wp\/v2\/users\/2"}],"replies":[{"embeddable":true,"href":"https:\/\/cidadebaixaonline.com.br\/index.php\/wp-json\/wp\/v2\/comments?post=10138"}],"version-history":[{"count":1,"href":"https:\/\/cidadebaixaonline.com.br\/index.php\/wp-json\/wp\/v2\/posts\/10138\/revisions"}],"predecessor-version":[{"id":10140,"href":"https:\/\/cidadebaixaonline.com.br\/index.php\/wp-json\/wp\/v2\/posts\/10138\/revisions\/10140"}],"wp:featuredmedia":[{"embeddable":true,"href":"https:\/\/cidadebaixaonline.com.br\/index.php\/wp-json\/wp\/v2\/media\/10139"}],"wp:attachment":[{"href":"https:\/\/cidadebaixaonline.com.br\/index.php\/wp-json\/wp\/v2\/media?parent=10138"}],"wp:term":[{"taxonomy":"category","embeddable":true,"href":"https:\/\/cidadebaixaonline.com.br\/index.php\/wp-json\/wp\/v2\/categories?post=10138"},{"taxonomy":"post_tag","embeddable":true,"href":"https:\/\/cidadebaixaonline.com.br\/index.php\/wp-json\/wp\/v2\/tags?post=10138"}],"curies":[{"name":"wp","href":"https:\/\/api.w.org\/{rel}","templated":true}]}}