{"id":10121,"date":"2024-06-27T14:27:39","date_gmt":"2024-06-27T17:27:39","guid":{"rendered":"https:\/\/cidadebaixaonline.com.br\/?p=10121"},"modified":"2024-06-27T14:27:41","modified_gmt":"2024-06-27T17:27:41","slug":"integrante-de-grupo-criminoso-e-flagrado-em-casa-com-arma-e-municoes","status":"publish","type":"post","link":"https:\/\/cidadebaixaonline.com.br\/index.php\/2024\/06\/27\/integrante-de-grupo-criminoso-e-flagrado-em-casa-com-arma-e-municoes\/","title":{"rendered":"Integrante de grupo criminoso \u00e9 flagrado em casa com arma e muni\u00e7\u00f5es"},"content":{"rendered":"\n<p id=\"paragrafo-bnbi2dx42x\">Um integrante de grupo criminoso foi preso dentro de casa por posse ilegal de arma de fogo na manh\u00e3 desta quinta-feira (27) em Jequi\u00e9, no centro sul baiano. A pris\u00e3o ocorreu durante cumprimentos de mandados de busca e apreens\u00e3o em im\u00f3veis ligados \u00e0 fac\u00e7\u00e3o.<\/p>\n\n\n\n<p id=\"paragrafo-syfhjpzhzl\">Os alvos da a\u00e7\u00e3o, realizada por policiais da Delegacia Territorial de Jequi\u00e9, s\u00e3o investigados por envolvimento em homic\u00eddios ocorridos naquela cidade.\u00a0<\/p>\n\n\n\n<p id=\"paragrafo-5ycoe775j6\">Com o preso, foi localizado um rev\u00f3lver calibre 38 com seis muni\u00e7\u00f5es intactas, uma balan\u00e7a, uma caixa para armazenar muni\u00e7\u00f5es e um celular.<\/p>\n\n\n\n<p id=\"paragrafo-lnjs1wajey\">As investiga\u00e7\u00f5es seguem visando a identifica\u00e7\u00e3o de todos os autores e integrantes dos grupos criminosos. As armas e muni\u00e7\u00f5es foram encaminhadas para a per\u00edcia. Equipes da 9\u00aa Coordenadoria Regional de Pol\u00edcia do Interior (Coorpin\/Jequi\u00e9) e da Coordena\u00e7\u00e3o de Apoio T\u00e9cnico \u00e0 Investiga\u00e7\u00e3o (Cati\/Depin) participaram das dilig\u00eancias.<\/p>\n\n\n\n<p>Fonte: Jornal Correio <\/p>\n","protected":false},"excerpt":{"rendered":"<p>Um integrante de grupo criminoso foi preso dentro de casa por posse ilegal de arma de fogo na manh\u00e3 desta quinta-feira (27) em Jequi\u00e9, no centro sul baiano. A pris\u00e3o ocorreu durante cumprimentos de mandados de busca e apreens\u00e3o em im\u00f3veis ligados \u00e0 fac\u00e7\u00e3o. Os alvos da a\u00e7\u00e3o, realizada por policiais da Delegacia Territorial de [&hellip;]<\/p>\n","protected":false},"author":2,"featured_media":10122,"comment_status":"open","ping_status":"open","sticky":false,"template":"","format":"standard","meta":{"jnews-multi-image_gallery":[],"jnews_single_post":{"subtitle":"","format":"standard","video":"","gallery":"","source_name":"","source_url":"","via_name":"","via_url":"","override_template":"0","override":[{"template":"1","single_blog_custom":"","parallax":"1","fullscreen":"1","layout":"right-sidebar","sidebar":"default-sidebar","second_sidebar":"default-sidebar","sticky_sidebar":"1","share_position":"top","share_float_style":"share-monocrhome","show_share_counter":"0","show_view_counter":"0","show_featured":"1","show_post_meta":"1","show_post_author":"0","show_post_author_image":"1","show_post_date":"1","post_date_format":"default","post_date_format_custom":"Y\/m\/d","show_post_category":"1","show_post_reading_time":"0","post_reading_time_wpm":"300","show_zoom_button":"0","zoom_button_out_step":"2","zoom_button_in_step":"3","show_post_tag":"1","show_prev_next_post":"1","show_popup_post":"1","number_popup_post":"1","show_author_box":"0","show_post_related":"0","show_inline_post_related":"0"}],"override_image_size":"0","image_override":[{"single_post_thumbnail_size":"no-crop","single_post_gallery_size":"crop-715"}],"trending_post":"0","trending_post_position":"meta","trending_post_label":"Trending","sponsored_post":"0","sponsored_post_label":"Sponsored by","sponsored_post_name":"","sponsored_post_url":"","sponsored_post_logo_enable":"0","sponsored_post_logo":"","sponsored_post_desc":"","disable_ad":"0"},"jnews_primary_category":{"id":"","hide":""},"footnotes":""},"categories":[105],"tags":[],"class_list":["post-10121","post","type-post","status-publish","format-standard","has-post-thumbnail","hentry","category-policia"],"_links":{"self":[{"href":"https:\/\/cidadebaixaonline.com.br\/index.php\/wp-json\/wp\/v2\/posts\/10121","targetHints":{"allow":["GET"]}}],"collection":[{"href":"https:\/\/cidadebaixaonline.com.br\/index.php\/wp-json\/wp\/v2\/posts"}],"about":[{"href":"https:\/\/cidadebaixaonline.com.br\/index.php\/wp-json\/wp\/v2\/types\/post"}],"author":[{"embeddable":true,"href":"https:\/\/cidadebaixaonline.com.br\/index.php\/wp-json\/wp\/v2\/users\/2"}],"replies":[{"embeddable":true,"href":"https:\/\/cidadebaixaonline.com.br\/index.php\/wp-json\/wp\/v2\/comments?post=10121"}],"version-history":[{"count":1,"href":"https:\/\/cidadebaixaonline.com.br\/index.php\/wp-json\/wp\/v2\/posts\/10121\/revisions"}],"predecessor-version":[{"id":10123,"href":"https:\/\/cidadebaixaonline.com.br\/index.php\/wp-json\/wp\/v2\/posts\/10121\/revisions\/10123"}],"wp:featuredmedia":[{"embeddable":true,"href":"https:\/\/cidadebaixaonline.com.br\/index.php\/wp-json\/wp\/v2\/media\/10122"}],"wp:attachment":[{"href":"https:\/\/cidadebaixaonline.com.br\/index.php\/wp-json\/wp\/v2\/media?parent=10121"}],"wp:term":[{"taxonomy":"category","embeddable":true,"href":"https:\/\/cidadebaixaonline.com.br\/index.php\/wp-json\/wp\/v2\/categories?post=10121"},{"taxonomy":"post_tag","embeddable":true,"href":"https:\/\/cidadebaixaonline.com.br\/index.php\/wp-json\/wp\/v2\/tags?post=10121"}],"curies":[{"name":"wp","href":"https:\/\/api.w.org\/{rel}","templated":true}]}}