{"id":10098,"date":"2024-06-26T15:48:53","date_gmt":"2024-06-26T18:48:53","guid":{"rendered":"https:\/\/cidadebaixaonline.com.br\/?p=10098"},"modified":"2024-06-26T15:48:55","modified_gmt":"2024-06-26T18:48:55","slug":"mae-de-crianca-com-sindrome-de-down-tera-jornada-reduzida-pela-metade-decide-justica","status":"publish","type":"post","link":"https:\/\/cidadebaixaonline.com.br\/index.php\/2024\/06\/26\/mae-de-crianca-com-sindrome-de-down-tera-jornada-reduzida-pela-metade-decide-justica\/","title":{"rendered":"M\u00e3e de crian\u00e7a com s\u00edndrome de Down ter\u00e1 jornada reduzida pela metade, decide Justi\u00e7a"},"content":{"rendered":"\n<p id=\"paragrafo-ydgu8rz2fj\">A Justi\u00e7a decidiu diminuir a jornada de trabalho de uma\u00a0m\u00e9dica do Hospital Clim\u00e9rio de Oliveira, em Salvador, para ela cuidar de sua filha, uma crian\u00e7a de 6 anos com s\u00edndrome de Down e problemas card\u00edacos. A redu\u00e7\u00e3o foi de 50% da carga laboral.\u00a0Ainda cabe recurso dessa decis\u00e3o.<\/p>\n\n\n\n<p id=\"paragrafo-nvyxb5zvp2\">No processo, a mulher solicitava a redu\u00e7\u00e3o da sua jornada de trabalho de 24 para 12 horas semanais, sem redu\u00e7\u00e3o salarial, com base na necessidade de cuidar da crian\u00e7a. Segundo a m\u00e3e, a menina apresenta dificuldades neuropsicomotoras, problemas de mem\u00f3ria sequencial e atraso lingu\u00edstico e, por isso, necessitava de acompanhamento com diversos profissionais, incluindo fonoaudi\u00f3logo, terapeuta ocupacional, psic\u00f3logo, psicopedagogo e musicoterapeuta. O pedido de tutela antecipada foi deferido pela ju\u00edza da 36\u00aa Vara do Trabalho da capital e posteriormente confirmado em senten\u00e7a.<\/p>\n\n\n\n<p id=\"paragrafo-xcj8uere0n\">A empresa recorreu ao Tribunal, e o recurso foi relatado pela desembargadora D\u00e9bora Machado. Para a magistrada, a prova documental demonstrou que a m\u00e9dica &#8220;\u00e9 o \u00fanico apoio ao tratamento de sua filha&#8221;, destacando que a trabalhadora tamb\u00e9m tem c\u00e2ncer de mama e necessita de tratamento.<\/p>\n\n\n\n<p id=\"paragrafo-f78h3grqbk\">A desembargadora afirmou que, tanto a Constitui\u00e7\u00e3o Federal, quanto o Estatuto da Crian\u00e7a e do Adolescente garantem a efetiva\u00e7\u00e3o dos direitos das crian\u00e7as e adolescentes. \u201cConstata-se com facilidade que a jornada desempenhada pela reclamante no \u00e2mbito da reclamada dificulta o acompanhamento do tratamento de sua filha\u201d, disse.<\/p>\n\n\n\n<p id=\"paragrafo-qnpql0uh7j\">Nesse sentido, a desembargadora votou por assegurar o tratamento adequado da crian\u00e7a, mantendo a jornada de trabalho reduzida da m\u00e3e. Os desembargadores Edilton Meireles e o juiz convocado Sebasti\u00e3o Martins Lopes acompanharam o voto da relatora.\u00a0A decis\u00e3o judicial foi expedida pelos desembargadores da 1\u00aa Turma do Tribunal Regional do Trabalho da Bahia (TRT-5).<\/p>\n\n\n\n<p>Fonte: Jornal Correio <\/p>\n","protected":false},"excerpt":{"rendered":"<p>A Justi\u00e7a decidiu diminuir a jornada de trabalho de uma\u00a0m\u00e9dica do Hospital Clim\u00e9rio de Oliveira, em Salvador, para ela cuidar de sua filha, uma crian\u00e7a de 6 anos com s\u00edndrome de Down e problemas card\u00edacos. A redu\u00e7\u00e3o foi de 50% da carga laboral.\u00a0Ainda cabe recurso dessa decis\u00e3o. No processo, a mulher solicitava a redu\u00e7\u00e3o da [&hellip;]<\/p>\n","protected":false},"author":2,"featured_media":10099,"comment_status":"open","ping_status":"open","sticky":false,"template":"","format":"standard","meta":{"jnews-multi-image_gallery":[],"jnews_single_post":{"subtitle":"","format":"standard","video":"","gallery":"","source_name":"","source_url":"","via_name":"","via_url":"","override_template":"0","override":[{"template":"1","single_blog_custom":"","parallax":"1","fullscreen":"1","layout":"right-sidebar","sidebar":"default-sidebar","second_sidebar":"default-sidebar","sticky_sidebar":"1","share_position":"top","share_float_style":"share-monocrhome","show_share_counter":"0","show_view_counter":"0","show_featured":"1","show_post_meta":"1","show_post_author":"0","show_post_author_image":"1","show_post_date":"1","post_date_format":"default","post_date_format_custom":"Y\/m\/d","show_post_category":"1","show_post_reading_time":"0","post_reading_time_wpm":"300","show_zoom_button":"0","zoom_button_out_step":"2","zoom_button_in_step":"3","show_post_tag":"1","show_prev_next_post":"1","show_popup_post":"1","number_popup_post":"1","show_author_box":"0","show_post_related":"0","show_inline_post_related":"0"}],"override_image_size":"0","image_override":[{"single_post_thumbnail_size":"no-crop","single_post_gallery_size":"crop-715"}],"trending_post":"0","trending_post_position":"meta","trending_post_label":"Trending","sponsored_post":"0","sponsored_post_label":"Sponsored by","sponsored_post_name":"","sponsored_post_url":"","sponsored_post_logo_enable":"0","sponsored_post_logo":"","sponsored_post_desc":"","disable_ad":"0"},"jnews_primary_category":{"id":"","hide":""},"footnotes":""},"categories":[85],"tags":[],"class_list":["post-10098","post","type-post","status-publish","format-standard","has-post-thumbnail","hentry","category-noticias"],"_links":{"self":[{"href":"https:\/\/cidadebaixaonline.com.br\/index.php\/wp-json\/wp\/v2\/posts\/10098","targetHints":{"allow":["GET"]}}],"collection":[{"href":"https:\/\/cidadebaixaonline.com.br\/index.php\/wp-json\/wp\/v2\/posts"}],"about":[{"href":"https:\/\/cidadebaixaonline.com.br\/index.php\/wp-json\/wp\/v2\/types\/post"}],"author":[{"embeddable":true,"href":"https:\/\/cidadebaixaonline.com.br\/index.php\/wp-json\/wp\/v2\/users\/2"}],"replies":[{"embeddable":true,"href":"https:\/\/cidadebaixaonline.com.br\/index.php\/wp-json\/wp\/v2\/comments?post=10098"}],"version-history":[{"count":1,"href":"https:\/\/cidadebaixaonline.com.br\/index.php\/wp-json\/wp\/v2\/posts\/10098\/revisions"}],"predecessor-version":[{"id":10100,"href":"https:\/\/cidadebaixaonline.com.br\/index.php\/wp-json\/wp\/v2\/posts\/10098\/revisions\/10100"}],"wp:featuredmedia":[{"embeddable":true,"href":"https:\/\/cidadebaixaonline.com.br\/index.php\/wp-json\/wp\/v2\/media\/10099"}],"wp:attachment":[{"href":"https:\/\/cidadebaixaonline.com.br\/index.php\/wp-json\/wp\/v2\/media?parent=10098"}],"wp:term":[{"taxonomy":"category","embeddable":true,"href":"https:\/\/cidadebaixaonline.com.br\/index.php\/wp-json\/wp\/v2\/categories?post=10098"},{"taxonomy":"post_tag","embeddable":true,"href":"https:\/\/cidadebaixaonline.com.br\/index.php\/wp-json\/wp\/v2\/tags?post=10098"}],"curies":[{"name":"wp","href":"https:\/\/api.w.org\/{rel}","templated":true}]}}