{"id":10088,"date":"2024-06-26T14:39:48","date_gmt":"2024-06-26T17:39:48","guid":{"rendered":"https:\/\/cidadebaixaonline.com.br\/?p=10088"},"modified":"2024-06-26T14:39:50","modified_gmt":"2024-06-26T17:39:50","slug":"delegada-geral-opina-sobre-maconha-nosso-trabalho-e-combater-sempre","status":"publish","type":"post","link":"https:\/\/cidadebaixaonline.com.br\/index.php\/2024\/06\/26\/delegada-geral-opina-sobre-maconha-nosso-trabalho-e-combater-sempre\/","title":{"rendered":"Delegada geral opina sobre maconha: &#8220;Nosso trabalho \u00e9 combater sempre&#8221;"},"content":{"rendered":"\n<p>A delegada geral da Pol\u00edcia Civil da Bahia, Helo\u00edsa Brito, expressou sua opini\u00e3o sobre o assunto da descriminaliza\u00e7\u00e3o do porte de maconha para uso pessoal, nesta quarta-feira, 26. A medida foi decretada pelo Supremo Tribunal Federal (STF) na ter\u00e7a-feira, 25.<\/p>\n\n\n\n<p>Em entrevista, ela garantiu que o servi\u00e7o das autoridades de combater o tr\u00e1fico de drogas n\u00e3o vai parar. Segundo ela, \u00e9 a partir da comercializa\u00e7\u00e3o ilegal que outras ocorr\u00eancias graves se desenrolam. <\/p>\n\n\n\n<p>&#8220;O que estiver posto pela legisla\u00e7\u00e3o, n\u00f3s vamos continuar cumprindo. O nosso trabalho \u00e9 combater sempre, porque n\u00f3s sabemos que o tr\u00e1fico de drogas, ele gera na realidade a grande maioria dos homic\u00eddios que hoje n\u00f3s temos no Estado. Ent\u00e3o, nosso trabalho vai continuar cont\u00ednuo&#8221;, disse.<\/p>\n\n\n\n<p>Nesta quarta-feira, 26, uma nova reuni\u00e3o ser\u00e1 realizada no STF para discutir se os ministros v\u00e3o optar por definir uma quantidade espec\u00edfica da droga para diferenciar usu\u00e1rios de traficantes. Helo\u00edsa afirmou que estar\u00e1 ligada no desfecho e que as for\u00e7as policiais v\u00e3o seguir o veredito do tribunal.<\/p>\n\n\n\n<p>&#8220;N\u00f3s estamos aguardando a decis\u00e3o final, porque hoje ainda tem o julgamento, n\u00f3s vamos aguardar e a partir da\u00ed n\u00f3s vamos cumprir aquilo que est\u00e1 posto. Sabemos que as leis s\u00e3o feitas pelo nosso Congresso Nacional e caber\u00e1 a n\u00f3s seguirmos aquilo que for determinado pelo Legislativo&#8221;, afirmou.<\/p>\n\n\n\n<p>Fonte: A Tarde <\/p>\n","protected":false},"excerpt":{"rendered":"<p>A delegada geral da Pol\u00edcia Civil da Bahia, Helo\u00edsa Brito, expressou sua opini\u00e3o sobre o assunto da descriminaliza\u00e7\u00e3o do porte de maconha para uso pessoal, nesta quarta-feira, 26. A medida foi decretada pelo Supremo Tribunal Federal (STF) na ter\u00e7a-feira, 25. Em entrevista, ela garantiu que o servi\u00e7o das autoridades de combater o tr\u00e1fico de drogas [&hellip;]<\/p>\n","protected":false},"author":2,"featured_media":10089,"comment_status":"open","ping_status":"open","sticky":false,"template":"","format":"standard","meta":{"jnews-multi-image_gallery":[],"jnews_single_post":{"subtitle":"","format":"standard","video":"","gallery":"","source_name":"","source_url":"","via_name":"","via_url":"","override_template":"0","override":[{"template":"1","single_blog_custom":"","parallax":"1","fullscreen":"1","layout":"right-sidebar","sidebar":"default-sidebar","second_sidebar":"default-sidebar","sticky_sidebar":"1","share_position":"top","share_float_style":"share-monocrhome","show_share_counter":"0","show_view_counter":"0","show_featured":"1","show_post_meta":"1","show_post_author":"0","show_post_author_image":"1","show_post_date":"1","post_date_format":"default","post_date_format_custom":"Y\/m\/d","show_post_category":"1","show_post_reading_time":"0","post_reading_time_wpm":"300","show_zoom_button":"0","zoom_button_out_step":"2","zoom_button_in_step":"3","show_post_tag":"1","show_prev_next_post":"1","show_popup_post":"1","number_popup_post":"1","show_author_box":"0","show_post_related":"0","show_inline_post_related":"0"}],"override_image_size":"0","image_override":[{"single_post_thumbnail_size":"no-crop","single_post_gallery_size":"crop-715"}],"trending_post":"0","trending_post_position":"meta","trending_post_label":"Trending","sponsored_post":"0","sponsored_post_label":"Sponsored by","sponsored_post_name":"","sponsored_post_url":"","sponsored_post_logo_enable":"0","sponsored_post_logo":"","sponsored_post_desc":"","disable_ad":"0"},"jnews_primary_category":{"id":"","hide":""},"footnotes":""},"categories":[105],"tags":[],"class_list":["post-10088","post","type-post","status-publish","format-standard","has-post-thumbnail","hentry","category-policia"],"_links":{"self":[{"href":"https:\/\/cidadebaixaonline.com.br\/index.php\/wp-json\/wp\/v2\/posts\/10088","targetHints":{"allow":["GET"]}}],"collection":[{"href":"https:\/\/cidadebaixaonline.com.br\/index.php\/wp-json\/wp\/v2\/posts"}],"about":[{"href":"https:\/\/cidadebaixaonline.com.br\/index.php\/wp-json\/wp\/v2\/types\/post"}],"author":[{"embeddable":true,"href":"https:\/\/cidadebaixaonline.com.br\/index.php\/wp-json\/wp\/v2\/users\/2"}],"replies":[{"embeddable":true,"href":"https:\/\/cidadebaixaonline.com.br\/index.php\/wp-json\/wp\/v2\/comments?post=10088"}],"version-history":[{"count":1,"href":"https:\/\/cidadebaixaonline.com.br\/index.php\/wp-json\/wp\/v2\/posts\/10088\/revisions"}],"predecessor-version":[{"id":10090,"href":"https:\/\/cidadebaixaonline.com.br\/index.php\/wp-json\/wp\/v2\/posts\/10088\/revisions\/10090"}],"wp:featuredmedia":[{"embeddable":true,"href":"https:\/\/cidadebaixaonline.com.br\/index.php\/wp-json\/wp\/v2\/media\/10089"}],"wp:attachment":[{"href":"https:\/\/cidadebaixaonline.com.br\/index.php\/wp-json\/wp\/v2\/media?parent=10088"}],"wp:term":[{"taxonomy":"category","embeddable":true,"href":"https:\/\/cidadebaixaonline.com.br\/index.php\/wp-json\/wp\/v2\/categories?post=10088"},{"taxonomy":"post_tag","embeddable":true,"href":"https:\/\/cidadebaixaonline.com.br\/index.php\/wp-json\/wp\/v2\/tags?post=10088"}],"curies":[{"name":"wp","href":"https:\/\/api.w.org\/{rel}","templated":true}]}}