{"id":10079,"date":"2024-06-26T11:30:02","date_gmt":"2024-06-26T14:30:02","guid":{"rendered":"https:\/\/cidadebaixaonline.com.br\/?p=10079"},"modified":"2024-06-26T11:30:04","modified_gmt":"2024-06-26T14:30:04","slug":"salvador-teve-movimentacao-de-saida-da-cidade-8-maior-que-em-2023","status":"publish","type":"post","link":"https:\/\/cidadebaixaonline.com.br\/index.php\/2024\/06\/26\/salvador-teve-movimentacao-de-saida-da-cidade-8-maior-que-em-2023\/","title":{"rendered":"Salvador teve movimenta\u00e7\u00e3o de sa\u00edda da cidade 8% maior que em 2023"},"content":{"rendered":"\n<p>Entre os dias 18 e 24 de junho, durante a opera\u00e7\u00e3o especial realizada no terminal Rodovi\u00e1rio de Salvador, foram registrados 162.028 embarques durante os festejos juninos. A movimenta\u00e7\u00e3o de sa\u00edda da cidade foi 8% maior neste feriad\u00e3o, em compara\u00e7\u00e3o ao n\u00famero registrado em 2023.<\/p>\n\n\n\n<p>O dia com registro de maior movimento foi a sexta-feira (21), quando mais de 50 mil pessoas embarcaram no terminal em \u00fanico dia, seguido do s\u00e1bado (22), com o registro de mais de 40 mil passageiros embarcados. Para atender a demanda das pessoas que deixaram a capital, a Agerba disponibilizou 580 hor\u00e1rios extras no per\u00edodo.<\/p>\n\n\n\n<p>A opera\u00e7\u00e3o de retorno acontece de forma descentralizada, uma vez que muitos passageiros deixam para voltar a Salvador ao longo da semana ou ap\u00f3s os festejos de S\u00e3o Pedro. Mas no domingo (23) e na segunda-feira (24), estima-se que aproximadamente 90 mil pessoas utilizaram o terminal para retornar a capital do estado.\u00a0<\/p>\n\n\n\n<p>Fonte: Tribuna da Bahia <\/p>\n","protected":false},"excerpt":{"rendered":"<p>Entre os dias 18 e 24 de junho, durante a opera\u00e7\u00e3o especial realizada no terminal Rodovi\u00e1rio de Salvador, foram registrados 162.028 embarques durante os festejos juninos. A movimenta\u00e7\u00e3o de sa\u00edda da cidade foi 8% maior neste feriad\u00e3o, em compara\u00e7\u00e3o ao n\u00famero registrado em 2023. O dia com registro de maior movimento foi a sexta-feira (21), [&hellip;]<\/p>\n","protected":false},"author":2,"featured_media":10080,"comment_status":"open","ping_status":"open","sticky":false,"template":"","format":"standard","meta":{"jnews-multi-image_gallery":[],"jnews_single_post":{"subtitle":"","format":"standard","video":"","gallery":"","source_name":"","source_url":"","via_name":"","via_url":"","override_template":"0","override":[{"template":"1","single_blog_custom":"","parallax":"1","fullscreen":"1","layout":"right-sidebar","sidebar":"default-sidebar","second_sidebar":"default-sidebar","sticky_sidebar":"1","share_position":"top","share_float_style":"share-monocrhome","show_share_counter":"0","show_view_counter":"0","show_featured":"1","show_post_meta":"1","show_post_author":"0","show_post_author_image":"1","show_post_date":"1","post_date_format":"default","post_date_format_custom":"Y\/m\/d","show_post_category":"1","show_post_reading_time":"0","post_reading_time_wpm":"300","show_zoom_button":"0","zoom_button_out_step":"2","zoom_button_in_step":"3","show_post_tag":"1","show_prev_next_post":"1","show_popup_post":"1","number_popup_post":"1","show_author_box":"0","show_post_related":"0","show_inline_post_related":"0"}],"override_image_size":"0","image_override":[{"single_post_thumbnail_size":"no-crop","single_post_gallery_size":"crop-715"}],"trending_post":"0","trending_post_position":"meta","trending_post_label":"Trending","sponsored_post":"0","sponsored_post_label":"Sponsored by","sponsored_post_name":"","sponsored_post_url":"","sponsored_post_logo_enable":"0","sponsored_post_logo":"","sponsored_post_desc":"","disable_ad":"0"},"jnews_primary_category":{"id":"","hide":""},"footnotes":""},"categories":[85],"tags":[],"class_list":["post-10079","post","type-post","status-publish","format-standard","has-post-thumbnail","hentry","category-noticias"],"_links":{"self":[{"href":"https:\/\/cidadebaixaonline.com.br\/index.php\/wp-json\/wp\/v2\/posts\/10079","targetHints":{"allow":["GET"]}}],"collection":[{"href":"https:\/\/cidadebaixaonline.com.br\/index.php\/wp-json\/wp\/v2\/posts"}],"about":[{"href":"https:\/\/cidadebaixaonline.com.br\/index.php\/wp-json\/wp\/v2\/types\/post"}],"author":[{"embeddable":true,"href":"https:\/\/cidadebaixaonline.com.br\/index.php\/wp-json\/wp\/v2\/users\/2"}],"replies":[{"embeddable":true,"href":"https:\/\/cidadebaixaonline.com.br\/index.php\/wp-json\/wp\/v2\/comments?post=10079"}],"version-history":[{"count":1,"href":"https:\/\/cidadebaixaonline.com.br\/index.php\/wp-json\/wp\/v2\/posts\/10079\/revisions"}],"predecessor-version":[{"id":10081,"href":"https:\/\/cidadebaixaonline.com.br\/index.php\/wp-json\/wp\/v2\/posts\/10079\/revisions\/10081"}],"wp:featuredmedia":[{"embeddable":true,"href":"https:\/\/cidadebaixaonline.com.br\/index.php\/wp-json\/wp\/v2\/media\/10080"}],"wp:attachment":[{"href":"https:\/\/cidadebaixaonline.com.br\/index.php\/wp-json\/wp\/v2\/media?parent=10079"}],"wp:term":[{"taxonomy":"category","embeddable":true,"href":"https:\/\/cidadebaixaonline.com.br\/index.php\/wp-json\/wp\/v2\/categories?post=10079"},{"taxonomy":"post_tag","embeddable":true,"href":"https:\/\/cidadebaixaonline.com.br\/index.php\/wp-json\/wp\/v2\/tags?post=10079"}],"curies":[{"name":"wp","href":"https:\/\/api.w.org\/{rel}","templated":true}]}}