{"id":10076,"date":"2024-06-26T11:04:44","date_gmt":"2024-06-26T14:04:44","guid":{"rendered":"https:\/\/cidadebaixaonline.com.br\/?p=10076"},"modified":"2024-06-26T11:04:46","modified_gmt":"2024-06-26T14:04:46","slug":"cinco-novas-pracas-sao-entregues-pela-prefeitura-de-salvador-em-cajazeiras-xi","status":"publish","type":"post","link":"https:\/\/cidadebaixaonline.com.br\/index.php\/2024\/06\/26\/cinco-novas-pracas-sao-entregues-pela-prefeitura-de-salvador-em-cajazeiras-xi\/","title":{"rendered":"Cinco novas pra\u00e7as s\u00e3o entregues pela prefeitura de Salvador, em Cajazeiras XI"},"content":{"rendered":"\n<p>O bairro de Cajazeiras XI foi beneficiado na noite desta ter\u00e7a-feira (25) com a inaugura\u00e7\u00e3o de cinco novas pra\u00e7as, de uma s\u00f3 vez, constru\u00eddas pela Prefeitura de Salvador. O prefeito Bruno Reis esteve na regi\u00e3o para o ato de entrega dos equipamentos, que v\u00e3o proporcionar mais op\u00e7\u00f5es de conviv\u00eancia e lazer aos moradores da localidade. Com esses novos espa\u00e7os, a capital baiana chega a 523 pra\u00e7as criadas ou reconstru\u00eddas pela atual gest\u00e3o.<\/p>\n\n\n\n<figure class=\"wp-block-image\"><img decoding=\"async\" src=\"https:\/\/www.bahianoticias.com.br\/fotos\/principal_noticias\/293669\/mg\/25-06-24_Prefeitura-Pra%C3%A7as-Cajazeiras-Salvador-Fotos-Valter-Pontes-Secom%20(4)..jpg\" alt=\"\"\/><\/figure>\n\n\n\n<p>Bruno Reis destacou o volume de \u00e1reas de lazer inauguradas, devolvendo o espa\u00e7o p\u00fablico \u00e0 popula\u00e7\u00e3o: \u201cNunca se construiu tantas pra\u00e7as em t\u00e3o pouco tempo na hist\u00f3ria desta cidade como estamos fazendo neste mandato. A Prefeitura mant\u00e9m um padr\u00e3o para todas as pra\u00e7as inauguradas em Salvador. Seja em qual bairro for, todas elas t\u00eam os mesmos equipamentos e a mesma qualidade de constru\u00e7\u00e3o. O que muda s\u00e3o as escolhas da pr\u00f3pria comunidade, que diz para a gente quais equipamentos querem ver instalados\u201d, disse.<\/p>\n\n\n\n<p>A primeira entrega foi a da Pra\u00e7a Ant\u00f4nio Enilson Motta de Moura, na Rua Maria Stella Pita Leite. Numa \u00e1rea de aproximadamente 400 m\u00b2, foram implantados mobili\u00e1rios como mesas de jogos, parque infantil com Casa do Tarzan e academias de gin\u00e1stica e sa\u00fade. O local foi totalmente urbanizado com grama sint\u00e9tica e natural e guarda-corpo em eucalipto. A ilumina\u00e7\u00e3o e a seguran\u00e7a tamb\u00e9m foram refor\u00e7adas, com lumin\u00e1rias em LED, postes de fibra e obras de infraestrutura el\u00e9trica.<\/p>\n\n\n\n<p>Na mesma localidade, a Prefeitura fez a requalifica\u00e7\u00e3o do entorno do campo comunit\u00e1rio, criando assim uma nova pra\u00e7a para os moradores. Bruno Reis lembrou que os brinquedos e demais mobili\u00e1rios s\u00e3o fruto do trabalho da Companhia de Desenvolvimento Urbano de Salvador (Desal), que projeta todos os equipamentos de fabrica\u00e7\u00e3o pr\u00f3pria.<\/p>\n\n\n\n<p>\u201cA equipe da Prefeitura, atrav\u00e9s da Desal, esteve aqui, antes do in\u00edcio da obra, para ouvir a comunidade, entender as suas demandas e listar quais equipamentos eram prioridade a ser instalados, haja visto que n\u00e3o era uma \u00e1rea muito grande, mas que foi bem aproveitada. Ou seja, tudo que est\u00e1 aqui foi escolha de voc\u00eas, dos moradores, pensando especialmente nas crian\u00e7as\u201d, afirmou o prefeito.<\/p>\n\n\n\n<p>C\u00e1tia Freitas, de 47 anos, \u00e9 moradora da regi\u00e3o h\u00e1 23 e falou que a comunidade estava precisando da pra\u00e7a: \u201cEu n\u00e3o tenho filho pequeno para vir brincar, mas eu percebo que tem muitas crian\u00e7as dos meus vizinhos que v\u00e3o poder vir para c\u00e1 agora e se divertir. Antes era um monte de carro velho, quebrado, sucata, e agora tem uma pra\u00e7a maravilhosa\u201d, disse.<\/p>\n\n\n\n<p>Vivian Moura, 40 anos, \u00e9 filha de Ant\u00f4nio Enilson Moura, um dos primeiros moradores da localidade, que foi homenageado no espa\u00e7o. \u201cPara a gente \u00e9 uma honra, porque vivemos aqui desde que eu nasci e meu pai sempre foi muito colaborativo com toda a comunidade. Quando a gente chegou aqui, ainda n\u00e3o tinha pavimento, n\u00e3o tinha transporte, a gente vivia em local remoto. Com o tempo foi crescendo, melhorando, e ele fez parte de tudo isso. \u00c9 uma maneira da gente lembrar para sempre dele\u201d, disse.<\/p>\n\n\n\n<p>Marcelo Pereira, de 54 anos, \u00e9 vendedor e mora no local h\u00e1 32 anos. Segundo ele, a pra\u00e7a, mais iluminada, d\u00e1 mais seguran\u00e7a \u00e0s fam\u00edlias. \u201cA gente se sente mais \u00e0 vontade e seguro de estar aqui. Os pais e as m\u00e3es podem ficar recuados, no barzinho, e as crian\u00e7as ficam l\u00e1 brincando, sem preocupa\u00e7\u00e3o, porque est\u00e1 bem iluminado. Essa sensa\u00e7\u00e3o de bem-estar \u00e9 o que mais alegra a gente e fortalece a comunidade ainda mais. At\u00e9 os adultos hoje podem parar aqui para tomar um arzinho, um fresco, sentindo mais seguran\u00e7a. Foi uma melhoria enorme\u201d, comentou.<\/p>\n\n\n\n<p><strong>Mais lazer&nbsp;<\/strong>&#8211; Em seguida, foi a vez da Pra\u00e7a Loteamento Santo Ant\u00f4nio. Numa \u00e1rea de quase 2 mil m\u00b2, foi implantada uma mini-quadra, al\u00e9m de parque infantil com Casa do Tarzan, balan\u00e7o e escorregadeira em eucalipto, mesas de ping-pong e futmesa, academias de gin\u00e1stica e sa\u00fade e conjunto de mesas de jogos. O local tamb\u00e9m recebeu ilumina\u00e7\u00e3o em LED, novos postes de fibra, infraestrutura el\u00e9trica, paisagismo com grama natural e sint\u00e9tica, entre outras melhorias, num total de quase R$500 mil investidos.<\/p>\n\n\n\n<p>\u201cMudou completamente a cara do bairro. Quem conhecia o antes e v\u00ea o agora, percebe que a diferen\u00e7a de vida \u00e9 enorme. S\u00f3 hoje, a Prefeitura est\u00e1 inaugurando cinco pra\u00e7as aqui em Cajazeiras XI. Imaginem que essa Prefeitura, no passado, mal conseguia trocar ilumina\u00e7\u00e3o, n\u00e3o coletava o lixo, as ruas eram esburacadas, ou seja, n\u00e3o conseguia fazer o b\u00e1sico. Em nenhum outro momento Salvador teve tanta capacidade de investir, de recuperar a cidade, de implantar equipamentos como esses\u201d, comentou Bruno Reis.<\/p>\n\n\n\n<p>Na mesma noite, foram inauguradas as pra\u00e7as Florisvaldo de Jesus Abade, no Loteamento Santa B\u00e1rbara, e a 9 de Mar\u00e7o, na Rua Hildegardes Viana, no final de linha de Cajazeiras XI. A primeira, que recebeu mini-quadra, tem pouco mais de 1 mil m\u00b2, enquanto a segunda tem 468 m\u00b2. Ambas as \u00e1reas receberam o mobili\u00e1rio com o padr\u00e3o da Companhia de Desenvolvimento Urbano de Salvador (Desal), englobando parque infantil, mesas de jogos e infantis, academias de gin\u00e1stica e sa\u00fade, al\u00e9m de mesas de ping-pong e futmesa.<\/p>\n\n\n\n<p>Fonte: Bahia Not\u00edcias <\/p>\n","protected":false},"excerpt":{"rendered":"<p>O bairro de Cajazeiras XI foi beneficiado na noite desta ter\u00e7a-feira (25) com a inaugura\u00e7\u00e3o de cinco novas pra\u00e7as, de uma s\u00f3 vez, constru\u00eddas pela Prefeitura de Salvador. O prefeito Bruno Reis esteve na regi\u00e3o para o ato de entrega dos equipamentos, que v\u00e3o proporcionar mais op\u00e7\u00f5es de conviv\u00eancia e lazer aos moradores da localidade. [&hellip;]<\/p>\n","protected":false},"author":2,"featured_media":10077,"comment_status":"open","ping_status":"open","sticky":false,"template":"","format":"standard","meta":{"jnews-multi-image_gallery":[],"jnews_single_post":{"subtitle":"","format":"standard","video":"","gallery":"","source_name":"","source_url":"","via_name":"","via_url":"","override_template":"0","override":[{"template":"1","single_blog_custom":"","parallax":"1","fullscreen":"1","layout":"right-sidebar","sidebar":"default-sidebar","second_sidebar":"default-sidebar","sticky_sidebar":"1","share_position":"top","share_float_style":"share-monocrhome","show_share_counter":"0","show_view_counter":"0","show_featured":"1","show_post_meta":"1","show_post_author":"0","show_post_author_image":"1","show_post_date":"1","post_date_format":"default","post_date_format_custom":"Y\/m\/d","show_post_category":"1","show_post_reading_time":"0","post_reading_time_wpm":"300","show_zoom_button":"0","zoom_button_out_step":"2","zoom_button_in_step":"3","show_post_tag":"1","show_prev_next_post":"1","show_popup_post":"1","number_popup_post":"1","show_author_box":"0","show_post_related":"0","show_inline_post_related":"0"}],"override_image_size":"0","image_override":[{"single_post_thumbnail_size":"no-crop","single_post_gallery_size":"crop-715"}],"trending_post":"0","trending_post_position":"meta","trending_post_label":"Trending","sponsored_post":"0","sponsored_post_label":"Sponsored by","sponsored_post_name":"","sponsored_post_url":"","sponsored_post_logo_enable":"0","sponsored_post_logo":"","sponsored_post_desc":"","disable_ad":"0"},"jnews_primary_category":{"id":"","hide":""},"footnotes":""},"categories":[91],"tags":[],"class_list":["post-10076","post","type-post","status-publish","format-standard","has-post-thumbnail","hentry","category-politica"],"_links":{"self":[{"href":"https:\/\/cidadebaixaonline.com.br\/index.php\/wp-json\/wp\/v2\/posts\/10076","targetHints":{"allow":["GET"]}}],"collection":[{"href":"https:\/\/cidadebaixaonline.com.br\/index.php\/wp-json\/wp\/v2\/posts"}],"about":[{"href":"https:\/\/cidadebaixaonline.com.br\/index.php\/wp-json\/wp\/v2\/types\/post"}],"author":[{"embeddable":true,"href":"https:\/\/cidadebaixaonline.com.br\/index.php\/wp-json\/wp\/v2\/users\/2"}],"replies":[{"embeddable":true,"href":"https:\/\/cidadebaixaonline.com.br\/index.php\/wp-json\/wp\/v2\/comments?post=10076"}],"version-history":[{"count":1,"href":"https:\/\/cidadebaixaonline.com.br\/index.php\/wp-json\/wp\/v2\/posts\/10076\/revisions"}],"predecessor-version":[{"id":10078,"href":"https:\/\/cidadebaixaonline.com.br\/index.php\/wp-json\/wp\/v2\/posts\/10076\/revisions\/10078"}],"wp:featuredmedia":[{"embeddable":true,"href":"https:\/\/cidadebaixaonline.com.br\/index.php\/wp-json\/wp\/v2\/media\/10077"}],"wp:attachment":[{"href":"https:\/\/cidadebaixaonline.com.br\/index.php\/wp-json\/wp\/v2\/media?parent=10076"}],"wp:term":[{"taxonomy":"category","embeddable":true,"href":"https:\/\/cidadebaixaonline.com.br\/index.php\/wp-json\/wp\/v2\/categories?post=10076"},{"taxonomy":"post_tag","embeddable":true,"href":"https:\/\/cidadebaixaonline.com.br\/index.php\/wp-json\/wp\/v2\/tags?post=10076"}],"curies":[{"name":"wp","href":"https:\/\/api.w.org\/{rel}","templated":true}]}}