{"id":10059,"date":"2024-06-25T19:13:18","date_gmt":"2024-06-25T22:13:18","guid":{"rendered":"https:\/\/cidadebaixaonline.com.br\/?p=10059"},"modified":"2024-06-25T19:13:18","modified_gmt":"2024-06-25T22:13:18","slug":"prefeitura-inaugura-upa-pediatrica-com-capacidade-para-atender-150-criancas-por-dia","status":"publish","type":"post","link":"https:\/\/cidadebaixaonline.com.br\/index.php\/2024\/06\/25\/prefeitura-inaugura-upa-pediatrica-com-capacidade-para-atender-150-criancas-por-dia\/","title":{"rendered":"Prefeitura inaugura UPA Pedi\u00e1trica com capacidade para atender 150 crian\u00e7as por dia"},"content":{"rendered":"\n<p>A Prefeitura de Salvador inaugurou nesta ter\u00e7a-feira (25) a Unidade de Pronto Atendimento (UPA) Pedi\u00e1trica, no Vale dos Barris, que ter\u00e1 capacidade para atender 150 crian\u00e7as por dia. A unidade \u00e9 interligada \u00e0 UPA j\u00e1 instalada no local e conta com salas de estabiliza\u00e7\u00e3o, acolhimento e classifica\u00e7\u00e3o de risco e de medica\u00e7\u00e3o, dois leitos de observa\u00e7\u00e3o e quatro consult\u00f3rios. A Upinha, que funcionar\u00e1 24 horas j\u00e1 a partir desta ter\u00e7a, contou com investimento de cerca de R$ 2 milh\u00f5es.<\/p>\n\n\n\n<p>O prefeito Bruno Reis ressaltou a import\u00e2ncia de criar uma estrutura voltada exclusivamente para atendimento pedi\u00e1trico anexa \u00e0 UPA com maior demanda de Salvador. \u201cEsse equipamento vem para ajudar milhares de pais e m\u00e3es que sabem da dificuldade de conseguir um atendimento pedi\u00e1trico. \u00c0s vezes voc\u00ea quer pagar uma consulta e n\u00e3o consegue. Aqui vamos oferecer atendimento de urg\u00eancia e emerg\u00eancia 24 horas. Sabemos que a UPA dos Barris \u00e9 a mais procurada da cidade. Agora, com atendimento especializado para as crian\u00e7as, a procura ser\u00e1 ainda maior\u201d, disse. Entre janeiro e maio deste ano, foram realizados 57.312 atendimentos m\u00e9dicos na UPA dos Barris.<\/p>\n\n\n\n<p>Bruno Reis anunciou que, al\u00e9m da UPA Pedi\u00e1trica inaugurada nesta ter\u00e7a no Vale dos Barris, haver\u00e1 em breve uma unidade do mesmo tipo no Hospital Maternidade e da Crian\u00e7a, cuja inaugura\u00e7\u00e3o acontecer\u00e1 ainda este ano. \u201cEssas duas UPAs v\u00e3o dar assist\u00eancia a toda a cidade. E com isso a gente vai ampliando a nossa rede. O governo federal preconiza a necessidade de uma UPA para cada 300 mil habitantes. Se a gente ficasse com os n\u00fameros do IBGE, precisar\u00edamos somente de oito. Mas n\u00f3s j\u00e1 temos 12. Porque o que vale para a gente \u00e9 a procura das pessoas, a necessidade. E sa\u00fade n\u00e3o espera\u201d, disse.<\/p>\n\n\n\n<p>Com a nova UPA Pedi\u00e1trica dos Barris, as crian\u00e7as tamb\u00e9m deixar\u00e3o de ficar expostas a situa\u00e7\u00f5es que poderiam traumatiz\u00e1-las, como o contato no fluxo inicial de atendimento com pessoas v\u00edtimas da viol\u00eancia que buscam socorro. \u201cEstamos oferecendo um atendimento humanizado, cada vez melhor, onde as crian\u00e7as possam chegar e n\u00e3o ter que ver e conviver com certas cenas\u201d, explicou o chefe do Executivo municipal.<\/p>\n\n\n\n<p>Presente \u00e0 inaugura\u00e7\u00e3o, a vice-prefeita Ana Paula Matos relatou o epis\u00f3dio que a motivou a sugerir a cria\u00e7\u00e3o da UPA Pedi\u00e1trica, quando ainda estava \u00e0 frente da Secretaria de Sa\u00fade. \u201cMuitas vezes, em situa\u00e7\u00f5es graves, que precisam de uma resposta r\u00e1pida, \u00e9 para c\u00e1 que trazem essas pessoas. Em um s\u00e1bado \u00e0 tarde, eu estava aqui e chegou uma pessoa ensanguentada procurando assist\u00eancia e tinha uma crian\u00e7a muito assustada. Naquele dia, eu conversei com a equipe e vimos que havia um espa\u00e7o na lateral, onde dava para construir outro pr\u00e9dio\u201d, narrou.&nbsp;<\/p>\n\n\n\n<p>O secret\u00e1rio municipal da Sa\u00fade, Alexandre Reis, explicou que essa \u00e9 a segunda UPA implantada com essa configura\u00e7\u00e3o pela gest\u00e3o municipal. \u201cEstamos entregando hoje a UPA Pedi\u00e1trica Vale dos Barris totalmente equipada, com sala de estabiliza\u00e7\u00e3o, consult\u00f3rios, sala de medica\u00e7\u00e3o, ou seja, toda a estrutura necess\u00e1ria para atender as demandas pedi\u00e1tricas da cidade. Essa \u00e9 a segunda UPA nesse modelo; a primeira constru\u00edda, mas na UPA do Marback adaptamos para criar um acesso independente para as crian\u00e7as\u201d, afirmou.<\/p>\n\n\n\n<p>A\u00c7\u00d5ES<\/p>\n\n\n\n<p>A vice-prefeita destacou ainda o compromisso da atual gest\u00e3o com a inf\u00e2ncia, ao lembrar outras iniciativas voltadas para este segmento. \u201cQuando o senhor assumiu a gest\u00e3o, j\u00e1 tinha se proposto a ser o prefeito da educa\u00e7\u00e3o, compreendendo que \u00e9 a partir do investimento nas crian\u00e7as que a gente constr\u00f3i uma sociedade com verdadeira equidade. E o senhor tem feito isso em todas as \u00e1reas. N\u00e3o \u00e0 toa, o senhor nos determinou ir al\u00e9m e fazer um Hospital Maternidade e da Crian\u00e7a, com cirurgia infantil e para a m\u00e3e, UTI neonatal, parto humanizado, mas tamb\u00e9m uma UPA 24h de crian\u00e7as\u201d, disse.<\/p>\n\n\n\n<p>\u201cMas a gente n\u00e3o se contentou com isso. O senhor criou o N\u00facleo da 1\u00aa Inf\u00e2ncia, o Caminho Legal; e toda uma l\u00f3gica de aten\u00e7\u00e3o especial aos primeiros mil dias da crian\u00e7a, que \u00e9 a primeira inf\u00e2ncia, mas tamb\u00e9m cuidando de modo muito efetivo das crian\u00e7as e adolescentes da cidade, ampliando as pol\u00edticas p\u00fablicas e entregando equipamentos como esse\u201d, completou Ana Paula.<\/p>\n\n\n\n<p>Fonte: Bahia Not\u00edcias <\/p>\n","protected":false},"excerpt":{"rendered":"<p>A Prefeitura de Salvador inaugurou nesta ter\u00e7a-feira (25) a Unidade de Pronto Atendimento (UPA) Pedi\u00e1trica, no Vale dos Barris, que ter\u00e1 capacidade para atender 150 crian\u00e7as por dia. A unidade \u00e9 interligada \u00e0 UPA j\u00e1 instalada no local e conta com salas de estabiliza\u00e7\u00e3o, acolhimento e classifica\u00e7\u00e3o de risco e de medica\u00e7\u00e3o, dois leitos de [&hellip;]<\/p>\n","protected":false},"author":2,"featured_media":10058,"comment_status":"closed","ping_status":"open","sticky":false,"template":"","format":"standard","meta":{"jnews-multi-image_gallery":[],"jnews_single_post":[],"jnews_primary_category":[],"footnotes":""},"categories":[91],"tags":[],"class_list":["post-10059","post","type-post","status-publish","format-standard","has-post-thumbnail","hentry","category-politica"],"_links":{"self":[{"href":"https:\/\/cidadebaixaonline.com.br\/index.php\/wp-json\/wp\/v2\/posts\/10059","targetHints":{"allow":["GET"]}}],"collection":[{"href":"https:\/\/cidadebaixaonline.com.br\/index.php\/wp-json\/wp\/v2\/posts"}],"about":[{"href":"https:\/\/cidadebaixaonline.com.br\/index.php\/wp-json\/wp\/v2\/types\/post"}],"author":[{"embeddable":true,"href":"https:\/\/cidadebaixaonline.com.br\/index.php\/wp-json\/wp\/v2\/users\/2"}],"replies":[{"embeddable":true,"href":"https:\/\/cidadebaixaonline.com.br\/index.php\/wp-json\/wp\/v2\/comments?post=10059"}],"version-history":[{"count":1,"href":"https:\/\/cidadebaixaonline.com.br\/index.php\/wp-json\/wp\/v2\/posts\/10059\/revisions"}],"predecessor-version":[{"id":10060,"href":"https:\/\/cidadebaixaonline.com.br\/index.php\/wp-json\/wp\/v2\/posts\/10059\/revisions\/10060"}],"wp:featuredmedia":[{"embeddable":true,"href":"https:\/\/cidadebaixaonline.com.br\/index.php\/wp-json\/wp\/v2\/media\/10058"}],"wp:attachment":[{"href":"https:\/\/cidadebaixaonline.com.br\/index.php\/wp-json\/wp\/v2\/media?parent=10059"}],"wp:term":[{"taxonomy":"category","embeddable":true,"href":"https:\/\/cidadebaixaonline.com.br\/index.php\/wp-json\/wp\/v2\/categories?post=10059"},{"taxonomy":"post_tag","embeddable":true,"href":"https:\/\/cidadebaixaonline.com.br\/index.php\/wp-json\/wp\/v2\/tags?post=10059"}],"curies":[{"name":"wp","href":"https:\/\/api.w.org\/{rel}","templated":true}]}}