{"id":10056,"date":"2024-06-25T19:12:02","date_gmt":"2024-06-25T22:12:02","guid":{"rendered":"https:\/\/cidadebaixaonline.com.br\/?p=10056"},"modified":"2024-06-25T19:12:02","modified_gmt":"2024-06-25T22:12:02","slug":"caixa-paga-bolsa-familia-a-beneficiarios-com-nis-de-final-7-nesta-terca-feira","status":"publish","type":"post","link":"https:\/\/cidadebaixaonline.com.br\/index.php\/2024\/06\/25\/caixa-paga-bolsa-familia-a-beneficiarios-com-nis-de-final-7-nesta-terca-feira\/","title":{"rendered":"Caixa paga Bolsa Fam\u00edlia a benefici\u00e1rios com NIS de final 7 nesta ter\u00e7a-feira"},"content":{"rendered":"\n<p>Benefici\u00e1rios do novo Bolsa Fam\u00edlia com N\u00famero de Inscri\u00e7\u00e3o Social (NIS) de final 7 v\u00e3o receber pagamento do programa, nesta ter\u00e7a-feira (25). A Caixa Econ\u00f4mica Federal inicia o pagamento da parcela de junho, que corresponde a R$ 600. No entanto, com o novo adicional, o valor m\u00e9dio do benef\u00edcio aumentou para R$ 683,75.&nbsp;<\/p>\n\n\n\n<p>De acordo com o Minist\u00e9rio do Desenvolvimento e Assist\u00eancia Social, s\u00f3 neste m\u00eas o projeto do Governo Federal contemplar\u00e1 20,84 milh\u00f5es de fam\u00edlias, com gasto de R$ 14,23 bilh\u00f5es.&nbsp;<\/p>\n\n\n\n<p>Al\u00e9m do benef\u00edcio, existe tamb\u00e9m o pagamento de tr\u00eas adicionais. O Benef\u00edcio Vari\u00e1vel Familiar Nutriz pagar\u00e1 seis parcelas de R$ 50 a m\u00e3es de beb\u00eas de at\u00e9 seis meses de idade, para garantir a alimenta\u00e7\u00e3o da crian\u00e7a. J\u00e1 o Bolsa Fam\u00edlia tamb\u00e9m paga um acr\u00e9scimo de R$ 50 a fam\u00edlias com gestantes e filhos de 7 a 18 anos e outro, de R$ 150, a fam\u00edlias com crian\u00e7as de at\u00e9 6 anos.<\/p>\n\n\n\n<p>O benefici\u00e1rio pode consultar o pagamento e outras informa\u00e7\u00f5es no aplicativo Caixa Tem.&nbsp;<\/p>\n\n\n\n<p>Fonte: Varela Net<\/p>\n","protected":false},"excerpt":{"rendered":"<p>Benefici\u00e1rios do novo Bolsa Fam\u00edlia com N\u00famero de Inscri\u00e7\u00e3o Social (NIS) de final 7 v\u00e3o receber pagamento do programa, nesta ter\u00e7a-feira (25). A Caixa Econ\u00f4mica Federal inicia o pagamento da parcela de junho, que corresponde a R$ 600. No entanto, com o novo adicional, o valor m\u00e9dio do benef\u00edcio aumentou para R$ 683,75.&nbsp; De acordo [&hellip;]<\/p>\n","protected":false},"author":2,"featured_media":10055,"comment_status":"closed","ping_status":"open","sticky":false,"template":"","format":"standard","meta":{"jnews-multi-image_gallery":[],"jnews_single_post":[],"jnews_primary_category":[],"footnotes":""},"categories":[107],"tags":[],"class_list":["post-10056","post","type-post","status-publish","format-standard","has-post-thumbnail","hentry","category-justica"],"_links":{"self":[{"href":"https:\/\/cidadebaixaonline.com.br\/index.php\/wp-json\/wp\/v2\/posts\/10056","targetHints":{"allow":["GET"]}}],"collection":[{"href":"https:\/\/cidadebaixaonline.com.br\/index.php\/wp-json\/wp\/v2\/posts"}],"about":[{"href":"https:\/\/cidadebaixaonline.com.br\/index.php\/wp-json\/wp\/v2\/types\/post"}],"author":[{"embeddable":true,"href":"https:\/\/cidadebaixaonline.com.br\/index.php\/wp-json\/wp\/v2\/users\/2"}],"replies":[{"embeddable":true,"href":"https:\/\/cidadebaixaonline.com.br\/index.php\/wp-json\/wp\/v2\/comments?post=10056"}],"version-history":[{"count":1,"href":"https:\/\/cidadebaixaonline.com.br\/index.php\/wp-json\/wp\/v2\/posts\/10056\/revisions"}],"predecessor-version":[{"id":10057,"href":"https:\/\/cidadebaixaonline.com.br\/index.php\/wp-json\/wp\/v2\/posts\/10056\/revisions\/10057"}],"wp:featuredmedia":[{"embeddable":true,"href":"https:\/\/cidadebaixaonline.com.br\/index.php\/wp-json\/wp\/v2\/media\/10055"}],"wp:attachment":[{"href":"https:\/\/cidadebaixaonline.com.br\/index.php\/wp-json\/wp\/v2\/media?parent=10056"}],"wp:term":[{"taxonomy":"category","embeddable":true,"href":"https:\/\/cidadebaixaonline.com.br\/index.php\/wp-json\/wp\/v2\/categories?post=10056"},{"taxonomy":"post_tag","embeddable":true,"href":"https:\/\/cidadebaixaonline.com.br\/index.php\/wp-json\/wp\/v2\/tags?post=10056"}],"curies":[{"name":"wp","href":"https:\/\/api.w.org\/{rel}","templated":true}]}}