{"id":10043,"date":"2024-06-19T14:09:42","date_gmt":"2024-06-19T17:09:42","guid":{"rendered":"https:\/\/cidadebaixaonline.com.br\/?p=10043"},"modified":"2024-06-19T14:09:44","modified_gmt":"2024-06-19T17:09:44","slug":"jeronimo-ate-quando-o-senhor-vai-fechar-os-olhos-questiona-acm-neto","status":"publish","type":"post","link":"https:\/\/cidadebaixaonline.com.br\/index.php\/2024\/06\/19\/jeronimo-ate-quando-o-senhor-vai-fechar-os-olhos-questiona-acm-neto\/","title":{"rendered":"\u2018Jer\u00f4nimo, at\u00e9 quando o senhor vai fechar os olhos?\u2019, questiona ACM Neto"},"content":{"rendered":"\n<p>O vice-presidente do Uni\u00e3o Brasil e ex-prefeito de Salvador, ACM Neto, questionou o governador da Bahia, Jer\u00f4nimo Rodrigues (PT), sobre sua postura em rela\u00e7\u00e3o \u00e0 lideran\u00e7a nacional do Estado em viol\u00eancia. A declara\u00e7\u00e3o ocorreu ap\u00f3s a divulga\u00e7\u00e3o do Mapa da Viol\u00eancia de 2024 pelo Atlas, que revelou que sete das dez cidades mais violentas do Brasil est\u00e3o localizadas na Bahia.<\/p>\n\n\n\n<p>&#8220;Tem uma pergunta que eu acho que no fundo est\u00e1 na cabe\u00e7a de todas as pessoas e que eu queria fazer aqui nesse momento. O que \u00e9 que n\u00f3s esperamos dos nossos governantes? Governador Jer\u00f4nimo, at\u00e9 quando o senhor vai fechar os olhos para a realidade? O que \u00e9 que n\u00f3s baianos podemos esperar de um governador que outro dia estava comparando a situa\u00e7\u00e3o da seguran\u00e7a p\u00fablica na Bahia com a situa\u00e7\u00e3o da seguran\u00e7a p\u00fablica na Europa. Governador Jer\u00f4nimo Rodrigues, n\u00e3o d\u00e1 mais para virar as costas, n\u00e3o d\u00e1 mais para se omitir, n\u00f3s j\u00e1 temos um ano e meio do seu governo, 18 anos de governos do PT\u201d, ponderou ACM Neto.<\/p>\n\n\n\n<p>O ex-prefeito de Salvador destacou a necessidade urgente de medidas efetivas para combater a criminalidade no estado: &#8220;Est\u00e1 na hora de come\u00e7ar a trabalhar, de come\u00e7ar a enfrentar as organiza\u00e7\u00f5es criminosas, porque os homic\u00eddios na Bahia explodiram, porque o nosso estado se tornou territ\u00f3rio ocupado pelas fac\u00e7\u00f5es criminosas, pelo crime organizado, pelo tr\u00e1fico de drogas. Muitas vezes os criminosos e bandidos est\u00e3o mais bem equipados e t\u00eam melhores condi\u00e7\u00f5es de trabalho do que a pr\u00f3pria pol\u00edcia.&#8221;<\/p>\n\n\n\n<p>ACM Neto ainda comparou a situa\u00e7\u00e3o da Bahia com o estado de Goi\u00e1s, governado por Ronaldo Caiado, tamb\u00e9m do Uni\u00e3o Brasil. &#8220;Eu estive outro dia no estado de Goi\u00e1s, governado por seu colega, Ronaldo Caiado, do Uni\u00e3o Brasil. N\u00f3s mostramos que Goi\u00e1s vem reduzindo todos os \u00edndices de viol\u00eancia. Se \u00e9 poss\u00edvel em Goi\u00e1s, por que n\u00e3o \u00e9 na Bahia? O que \u00e9 que est\u00e1 faltando governador?&#8221;, questionou.<\/p>\n\n\n\n<p>Neto enfatizou a urg\u00eancia de a\u00e7\u00f5es concretas e a necessidade de lideran\u00e7a por parte do governador: &#8220;Est\u00e1 faltando o governador come\u00e7ar a governar, est\u00e1 faltando o governador exercer a sua lideran\u00e7a, est\u00e1 faltando o governador reconhecer o problema, ter que reagir, reagir investindo em seguran\u00e7a p\u00fablica, reagir equipando a pol\u00edcia, reagir trabalhando com tecnologia, reagir mudando a realidade dos nossos pres\u00eddios, reagir enfrentando com firmeza os chefes das organiza\u00e7\u00f5es criminosas, trancando ali aquela torneira por onde passa o dinheiro, \u00e9 isso que est\u00e1 faltando, governador Jer\u00f4nimo Rodrigues. A gente est\u00e1 cansado do discurso, a gente est\u00e1 cansado dessa postura de omiss\u00e3o\u201d, enfatizou.<\/p>\n\n\n\n<p>Fonte: Tribuna da Bahia <\/p>\n","protected":false},"excerpt":{"rendered":"<p>O vice-presidente do Uni\u00e3o Brasil e ex-prefeito de Salvador, ACM Neto, questionou o governador da Bahia, Jer\u00f4nimo Rodrigues (PT), sobre sua postura em rela\u00e7\u00e3o \u00e0 lideran\u00e7a nacional do Estado em viol\u00eancia. A declara\u00e7\u00e3o ocorreu ap\u00f3s a divulga\u00e7\u00e3o do Mapa da Viol\u00eancia de 2024 pelo Atlas, que revelou que sete das dez cidades mais violentas do [&hellip;]<\/p>\n","protected":false},"author":2,"featured_media":10044,"comment_status":"open","ping_status":"open","sticky":false,"template":"","format":"standard","meta":{"jnews-multi-image_gallery":[],"jnews_single_post":{"subtitle":"","format":"standard","video":"","gallery":"","source_name":"","source_url":"","via_name":"","via_url":"","override_template":"0","override":[{"template":"1","single_blog_custom":"","parallax":"1","fullscreen":"1","layout":"right-sidebar","sidebar":"default-sidebar","second_sidebar":"default-sidebar","sticky_sidebar":"1","share_position":"top","share_float_style":"share-monocrhome","show_share_counter":"0","show_view_counter":"0","show_featured":"1","show_post_meta":"1","show_post_author":"0","show_post_author_image":"1","show_post_date":"1","post_date_format":"default","post_date_format_custom":"Y\/m\/d","show_post_category":"1","show_post_reading_time":"0","post_reading_time_wpm":"300","show_zoom_button":"0","zoom_button_out_step":"2","zoom_button_in_step":"3","show_post_tag":"1","show_prev_next_post":"1","show_popup_post":"1","number_popup_post":"1","show_author_box":"0","show_post_related":"0","show_inline_post_related":"0"}],"override_image_size":"0","image_override":[{"single_post_thumbnail_size":"no-crop","single_post_gallery_size":"crop-715"}],"trending_post":"0","trending_post_position":"meta","trending_post_label":"Trending","sponsored_post":"0","sponsored_post_label":"Sponsored by","sponsored_post_name":"","sponsored_post_url":"","sponsored_post_logo_enable":"0","sponsored_post_logo":"","sponsored_post_desc":"","disable_ad":"0"},"jnews_primary_category":{"id":"","hide":""},"footnotes":""},"categories":[91],"tags":[],"class_list":["post-10043","post","type-post","status-publish","format-standard","has-post-thumbnail","hentry","category-politica"],"_links":{"self":[{"href":"https:\/\/cidadebaixaonline.com.br\/index.php\/wp-json\/wp\/v2\/posts\/10043","targetHints":{"allow":["GET"]}}],"collection":[{"href":"https:\/\/cidadebaixaonline.com.br\/index.php\/wp-json\/wp\/v2\/posts"}],"about":[{"href":"https:\/\/cidadebaixaonline.com.br\/index.php\/wp-json\/wp\/v2\/types\/post"}],"author":[{"embeddable":true,"href":"https:\/\/cidadebaixaonline.com.br\/index.php\/wp-json\/wp\/v2\/users\/2"}],"replies":[{"embeddable":true,"href":"https:\/\/cidadebaixaonline.com.br\/index.php\/wp-json\/wp\/v2\/comments?post=10043"}],"version-history":[{"count":1,"href":"https:\/\/cidadebaixaonline.com.br\/index.php\/wp-json\/wp\/v2\/posts\/10043\/revisions"}],"predecessor-version":[{"id":10045,"href":"https:\/\/cidadebaixaonline.com.br\/index.php\/wp-json\/wp\/v2\/posts\/10043\/revisions\/10045"}],"wp:featuredmedia":[{"embeddable":true,"href":"https:\/\/cidadebaixaonline.com.br\/index.php\/wp-json\/wp\/v2\/media\/10044"}],"wp:attachment":[{"href":"https:\/\/cidadebaixaonline.com.br\/index.php\/wp-json\/wp\/v2\/media?parent=10043"}],"wp:term":[{"taxonomy":"category","embeddable":true,"href":"https:\/\/cidadebaixaonline.com.br\/index.php\/wp-json\/wp\/v2\/categories?post=10043"},{"taxonomy":"post_tag","embeddable":true,"href":"https:\/\/cidadebaixaonline.com.br\/index.php\/wp-json\/wp\/v2\/tags?post=10043"}],"curies":[{"name":"wp","href":"https:\/\/api.w.org\/{rel}","templated":true}]}}