{"id":10037,"date":"2024-06-19T13:55:43","date_gmt":"2024-06-19T16:55:43","guid":{"rendered":"https:\/\/cidadebaixaonline.com.br\/?p=10037"},"modified":"2024-06-19T13:55:46","modified_gmt":"2024-06-19T16:55:46","slug":"pm-usara-onibus-de-videomonitoramento-em-sao-joao-no-interior-da-bahia","status":"publish","type":"post","link":"https:\/\/cidadebaixaonline.com.br\/index.php\/2024\/06\/19\/pm-usara-onibus-de-videomonitoramento-em-sao-joao-no-interior-da-bahia\/","title":{"rendered":"PM usar\u00e1 \u00f4nibus de videomonitoramento em S\u00e3o Jo\u00e3o no interior da Bahia"},"content":{"rendered":"\n<p>O S\u00e3o Jo\u00e3o de Esplanada, a cerca de 170 km de Salvador, vai contar com um refor\u00e7o na seguran\u00e7a. A Pol\u00edcia Militar (PM) estar\u00e1 presente durante todos os dias do evento, com o apoio de um \u00f4nibus de videomonitoramento. A&nbsp;festa vai acontecer entre os dias 22 e 25 de junho, na Pra\u00e7a de Eventos. <\/p>\n\n\n\n<p>O ve\u00edculo, equipado com c\u00e2meras de monitoramento e tecnologia de \u00faltima gera\u00e7\u00e3o, vai auxiliar na identifica\u00e7\u00e3o de poss\u00edveis amea\u00e7as.<\/p>\n\n\n\n<p>As c\u00e2meras de alta resolu\u00e7\u00e3o do \u00f4nibus capturam imagens n\u00edtidas e em tempo real, tanto dentro quanto fora do ve\u00edculo. Isso permite a identifica\u00e7\u00e3o de indiv\u00edduos suspeitos e a tomada de medidas pelas autoridades.<\/p>\n\n\n\n<p>Al\u00e9m do sistema de videomonitoramento, Esplanada contar\u00e1 com um efetivo policial composto por Patrulhas de Eventos Especiais; Radiopatrulhamento; e Motopatrulhamento.<\/p>\n\n\n\n<p>Com o tema \u201cLuiz Gonzaga: O Rei do Bai\u00e3o\u201d, o S\u00e3o Jo\u00e3o de Esplanada vai homenagear Luiz Gonzaga.<\/p>\n\n\n\n<p>Fonte: A Tarde <\/p>\n","protected":false},"excerpt":{"rendered":"<p>O S\u00e3o Jo\u00e3o de Esplanada, a cerca de 170 km de Salvador, vai contar com um refor\u00e7o na seguran\u00e7a. A Pol\u00edcia Militar (PM) estar\u00e1 presente durante todos os dias do evento, com o apoio de um \u00f4nibus de videomonitoramento. A&nbsp;festa vai acontecer entre os dias 22 e 25 de junho, na Pra\u00e7a de Eventos. O [&hellip;]<\/p>\n","protected":false},"author":2,"featured_media":10038,"comment_status":"open","ping_status":"open","sticky":false,"template":"","format":"standard","meta":{"jnews-multi-image_gallery":[],"jnews_single_post":{"subtitle":"","format":"standard","video":"","gallery":"","source_name":"","source_url":"","via_name":"","via_url":"","override_template":"0","override":[{"template":"1","single_blog_custom":"","parallax":"1","fullscreen":"1","layout":"right-sidebar","sidebar":"default-sidebar","second_sidebar":"default-sidebar","sticky_sidebar":"1","share_position":"top","share_float_style":"share-monocrhome","show_share_counter":"0","show_view_counter":"0","show_featured":"1","show_post_meta":"1","show_post_author":"0","show_post_author_image":"1","show_post_date":"1","post_date_format":"default","post_date_format_custom":"Y\/m\/d","show_post_category":"1","show_post_reading_time":"0","post_reading_time_wpm":"300","show_zoom_button":"0","zoom_button_out_step":"2","zoom_button_in_step":"3","show_post_tag":"1","show_prev_next_post":"1","show_popup_post":"1","number_popup_post":"1","show_author_box":"0","show_post_related":"0","show_inline_post_related":"0"}],"override_image_size":"0","image_override":[{"single_post_thumbnail_size":"no-crop","single_post_gallery_size":"crop-715"}],"trending_post":"0","trending_post_position":"meta","trending_post_label":"Trending","sponsored_post":"0","sponsored_post_label":"Sponsored by","sponsored_post_name":"","sponsored_post_url":"","sponsored_post_logo_enable":"0","sponsored_post_logo":"","sponsored_post_desc":"","disable_ad":"0"},"jnews_primary_category":{"id":"","hide":""},"footnotes":""},"categories":[85],"tags":[],"class_list":["post-10037","post","type-post","status-publish","format-standard","has-post-thumbnail","hentry","category-noticias"],"_links":{"self":[{"href":"https:\/\/cidadebaixaonline.com.br\/index.php\/wp-json\/wp\/v2\/posts\/10037","targetHints":{"allow":["GET"]}}],"collection":[{"href":"https:\/\/cidadebaixaonline.com.br\/index.php\/wp-json\/wp\/v2\/posts"}],"about":[{"href":"https:\/\/cidadebaixaonline.com.br\/index.php\/wp-json\/wp\/v2\/types\/post"}],"author":[{"embeddable":true,"href":"https:\/\/cidadebaixaonline.com.br\/index.php\/wp-json\/wp\/v2\/users\/2"}],"replies":[{"embeddable":true,"href":"https:\/\/cidadebaixaonline.com.br\/index.php\/wp-json\/wp\/v2\/comments?post=10037"}],"version-history":[{"count":1,"href":"https:\/\/cidadebaixaonline.com.br\/index.php\/wp-json\/wp\/v2\/posts\/10037\/revisions"}],"predecessor-version":[{"id":10039,"href":"https:\/\/cidadebaixaonline.com.br\/index.php\/wp-json\/wp\/v2\/posts\/10037\/revisions\/10039"}],"wp:featuredmedia":[{"embeddable":true,"href":"https:\/\/cidadebaixaonline.com.br\/index.php\/wp-json\/wp\/v2\/media\/10038"}],"wp:attachment":[{"href":"https:\/\/cidadebaixaonline.com.br\/index.php\/wp-json\/wp\/v2\/media?parent=10037"}],"wp:term":[{"taxonomy":"category","embeddable":true,"href":"https:\/\/cidadebaixaonline.com.br\/index.php\/wp-json\/wp\/v2\/categories?post=10037"},{"taxonomy":"post_tag","embeddable":true,"href":"https:\/\/cidadebaixaonline.com.br\/index.php\/wp-json\/wp\/v2\/tags?post=10037"}],"curies":[{"name":"wp","href":"https:\/\/api.w.org\/{rel}","templated":true}]}}